{"id":916,"date":"2022-01-21T22:11:07","date_gmt":"2022-01-21T19:11:07","guid":{"rendered":"https:\/\/adameksik.com\/blog\/?p=916"},"modified":"2022-01-21T22:11:07","modified_gmt":"2022-01-21T19:11:07","slug":"cristiano-ronaldo-mutsuz-mu","status":"publish","type":"post","link":"https:\/\/adameksik.com\/blog\/cristiano-ronaldo-mutsuz-mu\/","title":{"rendered":"Cristiano Ronaldo Mutsuz mu ?"},"content":{"rendered":"<p>Bilindi\u011fi \u00fczere Portekizli futbolcu <strong>Cristiano Ronaldo<\/strong>, sezon \u00f6ncesi d\u00f6nemde eski tak\u0131m\u0131 <strong>Manchester United&#8217;<\/strong>a geri d\u00f6nd\u00fc. Olduk\u00e7a beklenti art\u0131\u015f\u0131 ve \u015fampiyonluk hevesine giren bir tak\u0131m ortaya \u00e7\u0131kt\u0131. \u0130lk be\u015f hafta \u00f6zelinde 4G 1B alarak \u00fcst s\u0131ralar\u0131n en b\u00fcy\u00fck aday\u0131 olduklar\u0131n\u0131 g\u00f6sterdiler.<\/p>\n<p><img loading=\"lazy\" decoding=\"async\" class=\"alignnone size-full wp-image-918\" src=\"https:\/\/adameksik.com\/blog\/wp-content\/uploads\/2022\/01\/ronaldo-manchester-united-formasi.jpg\" alt=\"ronaldo-manchester-united-formasi\" width=\"750\" height=\"422\" srcset=\"https:\/\/adameksik.com\/blog\/wp-content\/uploads\/2022\/01\/ronaldo-manchester-united-formasi.jpg 750w, https:\/\/adameksik.com\/blog\/wp-content\/uploads\/2022\/01\/ronaldo-manchester-united-formasi-300x169.jpg 300w\" sizes=\"auto, (max-width: 750px) 100vw, 750px\" \/><\/p>\n<p>Dolay\u0131s\u0131yla hem <strong>Cristiano Ronaldo &#8216;nun geli\u015fi<\/strong> hem de g\u00fczel sonu\u00e7lar al\u0131rken mutsuzluktan veya olumsuzluklardan kimse konu\u015fmad\u0131. Ancak i\u015fler istedikleri gibi gitmedi ve olumsuz sonu\u00e7lar gelmeye ba\u015flad\u0131. Manchester United, <strong>Ole Gunnar Solskj\u00e6r&#8217;<\/strong>le yollar\u0131 ay\u0131rd\u0131. Bir s\u00fcre<strong> Michael Carrick<\/strong> tak\u0131m\u0131n ba\u015f\u0131nda durdu ve daha sonra <strong>Ralf Rangnick<\/strong>&#8216;le anla\u015ft\u0131lar.<\/p>\n<p>Rangnick hakk\u0131nda s\u00f6ylenen \u015feylerden biri de yar\u0131m sezonlu\u011funa geldi\u011fi ve sonras\u0131nda ba\u015fka bir g\u00f6revle devam edece\u011fiydi. Ancak COVID-19 vakalar\u0131, oyuncular\u0131n ki\u015fisel durumlar\u0131 ve bir\u00e7ok fakt\u00f6r durumu negatif etkiledi. Bunlardan biri de <strong>Marcus Rashford<\/strong>&#8216;un as\u0131k suratl\u0131 olmas\u0131yd\u0131.<\/p>\n<p>Eski futbolcular, tak\u0131m arkada\u015flar\u0131 ve Cristiano Ronaldo &#8216;da bu durumdan <em>memnun de\u011fildi<\/em>. Rangnick, Ronaldo&#8217;nun s\u00fcrekli oyuncularla konu\u015ftu\u011funu ve \u015fikayetlerini dile getirdi\u011fini s\u00f6yledi. Di\u011fer oyuncular\u0131 i\u00e7in de a\u00e7\u0131k s\u00f6zl\u00fc olmalar\u0131n\u0131 ve daha cesur konu\u015fmalar\u0131n\u0131 istedi. Bir de t\u00fcm bunlara eklenen <strong>Pogba ve Ronaldo<\/strong> sakatl\u0131\u011f\u0131 vard\u0131.<\/p>\n<h2>Cristiano Ronaldo Neden Mutsuz ?<\/h2>\n<p><img loading=\"lazy\" decoding=\"async\" class=\"alignnone size-full wp-image-917\" src=\"https:\/\/adameksik.com\/blog\/wp-content\/uploads\/2022\/01\/ronaldo-neden-uzgun.jpg\" alt=\"ronaldo-neden-uzgun\" width=\"700\" height=\"367\" srcset=\"https:\/\/adameksik.com\/blog\/wp-content\/uploads\/2022\/01\/ronaldo-neden-uzgun.jpg 700w, https:\/\/adameksik.com\/blog\/wp-content\/uploads\/2022\/01\/ronaldo-neden-uzgun-300x157.jpg 300w, https:\/\/adameksik.com\/blog\/wp-content\/uploads\/2022\/01\/ronaldo-neden-uzgun-390x205.jpg 390w\" sizes=\"auto, (max-width: 700px) 100vw, 700px\" \/><\/p>\n<p>Ralf Rangnick&#8217;in karnesi \u015fu an i\u00e7inde bulundu\u011fu d\u00f6neme g\u00f6re olduk\u00e7a etkili diyebiliriz. Lig baz\u0131nda \u00e7\u0131kt\u0131\u011f\u0131 yedi ma\u00e7ta 5G 1M 1B ald\u0131. Ancak sorun sonu\u00e7lar de\u011fil oyunculard\u0131. <em>Bruno Fernandes&#8217;in performans\u0131n\u0131n d\u00fc\u015ft\u00fc\u011f\u00fcn\u00fc<\/em> herkes bariz bir \u015fekilde g\u00f6rd\u00fc. Cristiano Ronaldo, bu tarz oyuncular\u0131 etkiler. <strong>Ronaldo&#8217;nun sakatl\u0131\u011f\u0131<\/strong> hakk\u0131nda kul\u00fcp a\u00e7\u0131klama yapt\u0131:<\/p>\n<p><em>&#8221; 7 numaral\u0131 Portekizlimiz, Emirates FA Cup&#8217;\u0131 ve Premier Lig&#8217;de Aston Villa ma\u00e7lar\u0131n\u0131 yapt\u0131\u011f\u0131 \u00e7ift kafa vuru\u015fuyla kendisine sorun yaratan hafif bir kal\u00e7a sorunu nedeniyle \u00f6nlem olarak ka\u00e7\u0131rd\u0131.&#8221;<\/em><\/p>\n<p>Olumsuzluklar, \u015fikayetler ve ard\u0131 arkas\u0131 kesilmeyen sakatl\u0131klardan sonra Pogba&#8217;n\u0131n da antrenmanlara d\u00f6nd\u00fc\u011f\u00fc g\u00f6zlemlendi. <strong>Cristiano Ronaldo sosyal medya<\/strong> hesaplar\u0131nda &#8220;<strong>Kazanan tak\u0131m<\/strong>&#8221; isimli bir foto\u011fraf payla\u015ft\u0131. G\u00f6rselde kendisiyle birlikte Marcus Rashford, Paul Pogba ve di\u011fer tak\u0131m arkada\u015flar\u0131 vard\u0131.<\/p>\n<p><strong>Ralf Rangnick ise Pogba hakk\u0131nda \u015funlar\u0131 s\u00f6yledi:\u00a0<\/strong><\/p>\n<p><em>&#8220;Onu bu sabah antrenmandan \u00f6nce g\u00f6rd\u00fcm, soyunma odas\u0131ndayd\u0131 ve umar\u0131m en k\u0131sa zamanda geri d\u00f6ner.\u00a0\u015eu anda e\u011fitim grubunun bir par\u00e7as\u0131 de\u011fil ve ne zaman gelse, iki, \u00fc\u00e7 veya d\u00f6rt hafta olsa bile biraz zaman alacak.&#8221;\u00a0<\/em><\/p>\n<p><strong>Ralf Rangnick:<\/strong><\/p>\n<p><em>&#8220;Yani, d\u00fcn \u00fc\u00e7 tak\u0131ml\u0131 bir turnuvada 7&#8217;ye 7 oynad\u0131k. Ge\u00e7en hafta, 5v5 ile ayn\u0131 \u015feyi yapt\u0131k, bu y\u00fczden mevcut oyuncu say\u0131s\u0131na ba\u011fl\u0131 olarak bunu yap\u0131yoruz. Oyuncular\u0131n y\u00fcksek seviyede performans g\u00f6stermeleri gerekti\u011finden, haftada bir kez bu t\u00fcr yar\u0131\u015fmalar yapman\u0131n b\u00fcy\u00fck bir hayran\u0131y\u0131m. \u0130\u015f y\u00fck\u00fc iyidir ve 7v7 veya 5v5 oynarsan\u0131z kimsenin saklanamayaca\u011f\u0131n\u0131 g\u00f6rebilirsiniz. Herkes ortaya \u00e7\u0131kmal\u0131. Bunu yapmaksa, teknik direkt\u00f6r ve tak\u0131m \u00fcyeleri i\u00e7in bariz hale geliyor.&#8221;<\/em><\/p>\n<p>Dolay\u0131s\u0131yla kul\u00fcp i\u00e7erisinde sorunlar\u0131n \u00e7\u00f6z\u00fcld\u00fc\u011f\u00fc g\u00f6zlemleniyor ve <strong>Cristiano Ronaldo &#8216;nun<\/strong> dile getirdi\u011fi problemler yava\u015f da olsa ortadan kalkm\u0131\u015fa benziyor.<\/p>\n<p><img loading=\"lazy\" decoding=\"async\" class=\"alignnone size-full wp-image-317\" src=\"https:\/\/adameksik.com\/blog\/wp-content\/uploads\/2018\/06\/logo.png\" alt=\"logo\" width=\"242\" height=\"44\" \/><\/p>\n","protected":false},"excerpt":{"rendered":"<p>Bilindi\u011fi \u00fczere Portekizli futbolcu Cristiano Ronaldo, sezon \u00f6ncesi d\u00f6nemde eski tak\u0131m\u0131 Manchester United&#8217;a geri d\u00f6nd\u00fc. Olduk\u00e7a beklenti art\u0131\u015f\u0131 ve \u015fampiyonluk<\/p>\n","protected":false},"author":1,"featured_media":919,"comment_status":"open","ping_status":"open","sticky":false,"template":"","format":"standard","meta":{"footnotes":""},"categories":[15,1],"tags":[317,319,318],"class_list":["post-916","post","type-post","status-publish","format-standard","has-post-thumbnail","hentry","category-futbol","category-genel","tag-cristiano-ronaldo","tag-manchester-united","tag-sakatlik"],"_links":{"self":[{"href":"https:\/\/adameksik.com\/blog\/wp-json\/wp\/v2\/posts\/916","targetHints":{"allow":["GET"]}}],"collection":[{"href":"https:\/\/adameksik.com\/blog\/wp-json\/wp\/v2\/posts"}],"about":[{"href":"https:\/\/adameksik.com\/blog\/wp-json\/wp\/v2\/types\/post"}],"author":[{"embeddable":true,"href":"https:\/\/adameksik.com\/blog\/wp-json\/wp\/v2\/users\/1"}],"replies":[{"embeddable":true,"href":"https:\/\/adameksik.com\/blog\/wp-json\/wp\/v2\/comments?post=916"}],"version-history":[{"count":1,"href":"https:\/\/adameksik.com\/blog\/wp-json\/wp\/v2\/posts\/916\/revisions"}],"predecessor-version":[{"id":920,"href":"https:\/\/adameksik.com\/blog\/wp-json\/wp\/v2\/posts\/916\/revisions\/920"}],"wp:featuredmedia":[{"embeddable":true,"href":"https:\/\/adameksik.com\/blog\/wp-json\/wp\/v2\/media\/919"}],"wp:attachment":[{"href":"https:\/\/adameksik.com\/blog\/wp-json\/wp\/v2\/media?parent=916"}],"wp:term":[{"taxonomy":"category","embeddable":true,"href":"https:\/\/adameksik.com\/blog\/wp-json\/wp\/v2\/categories?post=916"},{"taxonomy":"post_tag","embeddable":true,"href":"https:\/\/adameksik.com\/blog\/wp-json\/wp\/v2\/tags?post=916"}],"curies":[{"name":"wp","href":"https:\/\/api.w.org\/{rel}","templated":true}]}}