{"id":911,"date":"2022-01-15T10:38:46","date_gmt":"2022-01-15T07:38:46","guid":{"rendered":"https:\/\/adameksik.com\/blog\/?p=911"},"modified":"2022-01-15T10:38:46","modified_gmt":"2022-01-15T07:38:46","slug":"dunya-futbolu-transfer-haberleri","status":"publish","type":"post","link":"https:\/\/adameksik.com\/blog\/dunya-futbolu-transfer-haberleri\/","title":{"rendered":"D\u00fcnya Futbolu Transfer Haberleri"},"content":{"rendered":"<h2>D\u00fcnya futbolunda transfer d\u00f6nemi resmi olarak a\u00e7\u0131ld\u0131. Peki hangi tak\u0131mlar yeni oyuncular\u0131 ekibe katt\u0131 ?<\/h2>\n<p><img loading=\"lazy\" decoding=\"async\" class=\"alignnone size-full wp-image-912\" src=\"https:\/\/adameksik.com\/blog\/wp-content\/uploads\/2022\/01\/super-lig-transfer-haberleri.jpg\" alt=\"super-lig-transfer-haberleri\" width=\"700\" height=\"394\" srcset=\"https:\/\/adameksik.com\/blog\/wp-content\/uploads\/2022\/01\/super-lig-transfer-haberleri.jpg 700w, https:\/\/adameksik.com\/blog\/wp-content\/uploads\/2022\/01\/super-lig-transfer-haberleri-300x169.jpg 300w\" sizes=\"auto, (max-width: 700px) 100vw, 700px\" \/><\/p>\n<p>\u00d6ncelikle <em><strong>S\u00fcper Lig<\/strong><\/em>&#8216;den ba\u015flayal\u0131m. Bilindi\u011fi \u00fczere Fenerbah\u00e7e Vitor Pereira ile yollar\u0131 ay\u0131rd\u0131. Ard\u0131ndan <strong>Be\u015fikta\u015f<\/strong> ve Sergen Yal\u00e7\u0131n birlikteli\u011fi sona erdi. <strong>Transfer d\u00f6nemi<\/strong> demi\u015fken Galatasaray, ge\u00e7ti\u011fimiz g\u00fcnlerde efsanesi Fatih Terim&#8217;in g\u00f6revine son verdi. Galatasaray ba\u015fkan\u0131 Burak Elmas, hemen yeni hocay\u0131 tak\u0131m\u0131n ba\u015f\u0131na getirdi.<\/p>\n<p><strong>Dom\u00e8nec Torrent<\/strong> art\u0131k sar\u0131-k\u0131rm\u0131z\u0131l\u0131 ekibin yeni hocas\u0131. <strong>Fenerbah\u00e7e<\/strong> taraf\u0131 ise eski hocas\u0131 \u0130smail Kartal&#8217;\u0131 g\u00f6reve getirdi. Ba\u015fkan Ali Ko\u00e7 bu birlikteli\u011fin k\u0131sa olaca\u011f\u0131n\u0131 ve sezon sonuna kadar g\u00f6rev yapaca\u011f\u0131n\u0131 belirtti. \u015eampiyonlu\u011fun en b\u00fcy\u00fck adaylar\u0131ndan biri olan<strong> Trabzonspor ise Edin Visca<\/strong>&#8216;y\u0131 kadrosuna katt\u0131. En \u00f6nemlisi de bu transferle rakiplerine bir mesaj verdi. Visca ise transferi hakk\u0131nda \u015funlar\u0131 s\u00f6yledi:<\/p>\n<p><em>&#8221; 21 ya\u015f\u0131nda geldi\u011fim bu kul\u00fcpten on y\u0131l sonra ayr\u0131l\u0131yorum. Bana katt\u0131\u011f\u0131n her \u015fey i\u00e7in te\u015fekk\u00fcrler <strong>Ba\u015fak\u015fehir<\/strong>..&#8221;\u00a0<\/em><\/p>\n<p>Altay&#8217;da hoca krizine girdi. Futbolda genel ba\u015far\u0131s\u0131zl\u0131k \u00f6ncelikle teknik direkt\u00f6re ba\u011flan\u0131yor. Ligimiz tak\u0131mlar\u0131 k\u0131sa s\u00fcrede bir ba\u015far\u0131 bekledikleri i\u00e7in genelde proje tak\u0131m\u0131 g\u00f6rmek zordur. Tecr\u00fcbeli teknik adam <strong>Mustafa Denizli<\/strong>&#8216;nin de Altay ser\u00fcveni sona erdi.<\/p>\n<p>Denizli, daha \u00f6nce Galatasaray, Fenerbah\u00e7e ve Be\u015fikta\u015f&#8217;\u0131 \u00e7al\u0131\u015ft\u0131rm\u0131\u015ft\u0131r. Yurt d\u0131\u015f\u0131nda ise Alem.Aachen, Pas Teheran, Piroozi FC, Persepolis, Hazar Lenkeran ve en son Tractor Sazi&#8217;de g\u00f6rev yapt\u0131. Altay b\u00fcnyesinde son alt\u0131 ma\u00e7\u0131nda hi\u00e7 galibiyet alamam\u0131\u015ft\u0131r.<\/p>\n<h3><strong>Transfer D\u00f6nemi : Premier Lig<\/strong><\/h3>\n<p><img loading=\"lazy\" decoding=\"async\" class=\"alignnone size-full wp-image-913\" src=\"https:\/\/adameksik.com\/blog\/wp-content\/uploads\/2022\/01\/ingiltere-transfer-haberleri.webp\" alt=\"ingiltere-transfer-haberleri\" width=\"720\" height=\"405\" srcset=\"https:\/\/adameksik.com\/blog\/wp-content\/uploads\/2022\/01\/ingiltere-transfer-haberleri.webp 720w, https:\/\/adameksik.com\/blog\/wp-content\/uploads\/2022\/01\/ingiltere-transfer-haberleri-300x169.webp 300w\" sizes=\"auto, (max-width: 720px) 100vw, 720px\" \/><\/p>\n<p>Bilindi\u011fi \u00fczere <strong>Newcastle<\/strong> yeni sahiplerine merhaba dedi. Bununla birlikte b\u00fct\u00e7esi artt\u0131 ve finansal anlamda en geni\u015f tak\u0131m oldu. \u0130lk olarak Atletico&#8217;dan Keiran Tripper&#8217;i kadroya dahil ettiler. Daha sonra Burnley&#8217;den Chris Wood&#8217;u ekibe katt\u0131lar. Di\u011fer taraftar <strong>Aston Villa<\/strong> yeni menajeri <strong>Gerrard<\/strong> ile lige olumlu ad\u0131mlar atmaya ba\u015flad\u0131.<\/p>\n<p>\u0130lk olarak eski tak\u0131m arkada\u015f\u0131 <strong>Coutinho&#8217;yu<\/strong> tak\u0131ma dahil etti. Brezilyal\u0131 daha \u00f6nce a\u015fina oldu\u011fu Premier Lig&#8217;de <em>Gerrard<\/em> patronlu\u011fu alt\u0131nda neler ba\u015farabilecek merakla izleyece\u011fiz. Bir de yan\u0131na Lucas Digne&#8217;yi ekleyen \u0130ngiliz teknik adam rakiplere ben de buraday\u0131m ve yukar\u0131ya oynuyorum mesaj\u0131n\u0131 a\u00e7\u0131k\u00e7a iletmi\u015f oldu. <em>Villa<\/em> bunca ismi kadrosuna katarken di\u011fer taraftan Anwar El Ghazi&#8217;nin <strong>Everton&#8217;a<\/strong> kiranland\u0131\u011f\u0131n\u0131 \u00f6\u011frendik. At\u0131lan imzalar\u0131n ard\u0131ndan oyuncu \u015funlar\u0131 s\u00f6yledi:<\/p>\n<p><em>&#8220;\u00c7ok heyecanl\u0131y\u0131m. Everton b\u00fcy\u00fck bir kul\u00fcp ve ba\u015flamak i\u00e7in sab\u0131rs\u0131zlan\u0131yorum. Kalitemi tak\u0131m arkada\u015flar\u0131ma, kul\u00fcbe ve tabii ki taraftarlara g\u00f6stermek istiyorum. Onlar\u0131n y\u00fczlerini g\u00fcld\u00fcrmek istiyorum. \u00c7ok \u00e7al\u0131\u015fmaya haz\u0131r\u0131m ve istekliyim. Zaten \u015fu ana kadar birka\u00e7 taraftarla tan\u0131\u015ft\u0131m ve onlar i\u00e7in tak\u0131m\u0131n ne derece \u00f6nemli oldu\u011funu g\u00f6rd\u00fcm. <\/em><\/p>\n<p><em>Sadece her \u015feyimizi vererek onlar\u0131 mutlu etmek i\u00e7in neler yapabilece\u011fimizi g\u00f6stermek istiyorsunuz. Sadece s\u0131k\u0131 \u00e7al\u0131\u015fmaya, tak\u0131ma girmeye, yerim i\u00e7in sava\u015fmaya ve \u00e7ocuklarla Everton&#8217;\u0131 ait oldu\u011fu yere g\u00f6t\u00fcrmeye odaklanmak istiyorum. Puan tablosunda \u00fcstlerde olmay\u0131 hak eden \u00e7ok iyi bir kadromuz var.&#8221;<\/em><\/p>\n<p>Gerrard ve ekibi i\u00e7in olduk\u00e7a yaral\u0131 bir <em><strong>transfer d\u00f6nemi<\/strong> <\/em>oldu.<\/p>\n<p><img loading=\"lazy\" decoding=\"async\" class=\"alignnone size-full wp-image-317\" src=\"https:\/\/adameksik.com\/blog\/wp-content\/uploads\/2018\/06\/logo.png\" alt=\"logo\" width=\"242\" height=\"44\" \/><\/p>\n","protected":false},"excerpt":{"rendered":"<p>D\u00fcnya futbolunda transfer d\u00f6nemi resmi olarak a\u00e7\u0131ld\u0131. Peki hangi tak\u0131mlar yeni oyuncular\u0131 ekibe katt\u0131 ? \u00d6ncelikle S\u00fcper Lig&#8216;den ba\u015flayal\u0131m. Bilindi\u011fi<\/p>\n","protected":false},"author":1,"featured_media":914,"comment_status":"open","ping_status":"open","sticky":false,"template":"","format":"standard","meta":{"footnotes":""},"categories":[15,1],"tags":[313,315,316,314,312],"class_list":["post-911","post","type-post","status-publish","format-standard","has-post-thumbnail","hentry","category-futbol","category-genel","tag-dunyadan-transfer-haberleri","tag-ingiltere-transfer-donemi","tag-premier-lig-transfer-haberleri","tag-super-lig-transfer-haberleri","tag-transfer-donemi"],"_links":{"self":[{"href":"https:\/\/adameksik.com\/blog\/wp-json\/wp\/v2\/posts\/911","targetHints":{"allow":["GET"]}}],"collection":[{"href":"https:\/\/adameksik.com\/blog\/wp-json\/wp\/v2\/posts"}],"about":[{"href":"https:\/\/adameksik.com\/blog\/wp-json\/wp\/v2\/types\/post"}],"author":[{"embeddable":true,"href":"https:\/\/adameksik.com\/blog\/wp-json\/wp\/v2\/users\/1"}],"replies":[{"embeddable":true,"href":"https:\/\/adameksik.com\/blog\/wp-json\/wp\/v2\/comments?post=911"}],"version-history":[{"count":1,"href":"https:\/\/adameksik.com\/blog\/wp-json\/wp\/v2\/posts\/911\/revisions"}],"predecessor-version":[{"id":915,"href":"https:\/\/adameksik.com\/blog\/wp-json\/wp\/v2\/posts\/911\/revisions\/915"}],"wp:featuredmedia":[{"embeddable":true,"href":"https:\/\/adameksik.com\/blog\/wp-json\/wp\/v2\/media\/914"}],"wp:attachment":[{"href":"https:\/\/adameksik.com\/blog\/wp-json\/wp\/v2\/media?parent=911"}],"wp:term":[{"taxonomy":"category","embeddable":true,"href":"https:\/\/adameksik.com\/blog\/wp-json\/wp\/v2\/categories?post=911"},{"taxonomy":"post_tag","embeddable":true,"href":"https:\/\/adameksik.com\/blog\/wp-json\/wp\/v2\/tags?post=911"}],"curies":[{"name":"wp","href":"https:\/\/api.w.org\/{rel}","templated":true}]}}