{"id":888,"date":"2021-12-25T20:20:49","date_gmt":"2021-12-25T17:20:49","guid":{"rendered":"https:\/\/adameksik.com\/blog\/?p=888"},"modified":"2021-12-25T20:20:49","modified_gmt":"2021-12-25T17:20:49","slug":"neden-avrupa-futbolunun-gerisindeyiz","status":"publish","type":"post","link":"https:\/\/adameksik.com\/blog\/neden-avrupa-futbolunun-gerisindeyiz\/","title":{"rendered":"Neden Avrupa Futbolunun Gerisindeyiz ?"},"content":{"rendered":"<h2>Baz\u0131 ki\u015filere g\u00f6re ger\u00e7ekten Avrupa futbolunun gerisinde miyiz ? \u00c7\u00fcnk\u00fc herhangi bir k\u0131s\u0131tlamayla veya Avrupa ma\u00e7lar\u0131na olan isteksizlikle geride oldu\u011fumuz lanse ediliyor. Avrupa futbolu neden \u00f6nemli ?<\/h2>\n<p>D\u00f6viz kuru, <strong>yabanc\u0131 oyuncu maa\u015flar\u0131<\/strong>, kul\u00fcp giderleri vs. hepsi bu ba\u015far\u0131n\u0131n \u00fczerinden d\u00f6n\u00fcyor. Tak\u0131mlar\u0131m\u0131zdan bir tanesi <em>\u015eampiyonlar Ligi<\/em>&#8216;ne gitti. Ald\u0131\u011f\u0131 bonuslar, turnuvaya kat\u0131ld\u0131\u011f\u0131 i\u00e7in kazan\u0131lan gelirler ve en \u00f6nemlisi de <strong>Avrupa&#8217;ya oyuncu sat\u0131\u015f\u0131<\/strong>.<\/p>\n<h3>Tak\u0131mlar\u0131m\u0131z neden Avrupa Ligi&#8217;ni \u00f6nemsemiyor ?<\/h3>\n<p><img loading=\"lazy\" decoding=\"async\" class=\"alignnone size-full wp-image-889\" src=\"https:\/\/adameksik.com\/blog\/wp-content\/uploads\/2021\/12\/turk-takimi-avrupa-ligi.jpg\" alt=\"turk-takimi-avrupa-ligi\" width=\"650\" height=\"344\" srcset=\"https:\/\/adameksik.com\/blog\/wp-content\/uploads\/2021\/12\/turk-takimi-avrupa-ligi.jpg 650w, https:\/\/adameksik.com\/blog\/wp-content\/uploads\/2021\/12\/turk-takimi-avrupa-ligi-300x159.jpg 300w, https:\/\/adameksik.com\/blog\/wp-content\/uploads\/2021\/12\/turk-takimi-avrupa-ligi-390x205.jpg 390w\" sizes=\"auto, (max-width: 650px) 100vw, 650px\" \/><\/p>\n<p>S\u00fcrekli \u015f\u00f6yle bir bask\u0131 var: &#8220;<strong>Lig \u015eampiyonlu\u011fu<\/strong>&#8220;.\u00a0Ligi birinci bitirmek elbette her tak\u0131m\u0131n isteyece\u011fi bir \u015feydir. Zaten birinci olunmad\u0131\u011f\u0131 zaman <strong><em>Avrupa Ligi<\/em><\/strong> de hayal oluyor. Ancak ortada kat\u0131ld\u0131\u011f\u0131m\u0131z bir turnuva varsa bunu \u00f6nemsemek hem \u00fclke puan\u0131 ad\u0131na hem de gelir kap\u0131s\u0131 yaratma ad\u0131na \u00f6nceli\u011fimiz olmak zorunda.<\/p>\n<p>Aksi halde ba\u015far\u0131 zor gelecektir. Rusya, G\u00fcney K\u0131br\u0131s, Yunanistan, Ukrayna bu tarz \u00fclkelerin tak\u0131mlar\u0131n\u0131 bir kez dahi izlediyseniz verdikleri \u00f6nemi g\u00f6rebilirsiniz. FC Sherif Tiraspol, Moldova Ligi tak\u0131mlar\u0131ndan. <strong>\u015eampiyonlar Ligi grup ma\u00e7lar\u0131nda<\/strong> Real Madrid&#8217;i deplasmanda yendi. \u0130spanya&#8217;n\u0131n en k\u00f6kl\u00fc tak\u0131mlar\u0131ndan ve bu turnuvay\u0131 \u00fcst \u00fcste 3 kez kazanan bir tak\u0131m\u0131 yendi. \u00c7\u00fcnk\u00fc <em>Avrupa&#8217;ya \u00f6nem<\/em> veriyorlar.<\/p>\n<h3>Neden Avrupa Futbolunun Gerisindeyiz ?<\/h3>\n<p><img loading=\"lazy\" decoding=\"async\" class=\"alignnone  wp-image-890\" src=\"https:\/\/adameksik.com\/blog\/wp-content\/uploads\/2021\/12\/avrupa-futbolu.jpg\" alt=\"avrupa-futbolu\" width=\"804\" height=\"453\" srcset=\"https:\/\/adameksik.com\/blog\/wp-content\/uploads\/2021\/12\/avrupa-futbolu.jpg 863w, https:\/\/adameksik.com\/blog\/wp-content\/uploads\/2021\/12\/avrupa-futbolu-300x169.jpg 300w, https:\/\/adameksik.com\/blog\/wp-content\/uploads\/2021\/12\/avrupa-futbolu-768x432.jpg 768w\" sizes=\"auto, (max-width: 804px) 100vw, 804px\" \/><\/p>\n<p>Alt yap\u0131lar, pilot tak\u0131mlar, tesisler.. Y\u0131llard\u0131r duydu\u011fumuz alt yap\u0131ya \u00f6nem veren tek tak\u0131m <strong>Alt\u0131nordu FK<\/strong>. \u0130zmir&#8217;e gidip \u015fehir merkezinden bir kere ge\u00e7erseniz her hal\u0131 sahada, belediye sahas\u0131nda Alt\u0131nordu FK futbol okulu pankart\u0131n\u0131 g\u00f6rebilirsiniz. Alt\u0131nordu FK gen\u00e7leri yeti\u015ftirirken temelden e\u011fitim vererek her duruma m\u00fcdahale ediyor.<\/p>\n<p>Kendi bah\u00e7eleri var, organik sebze-meyve yeti\u015ftiriyorlar. \u0130\u015f\u00e7ileri yok, \u00e7ocuklara ekmeyi de toplamay\u0131 da \u00f6\u011fretiyorlar. Futbolun d\u0131\u015f\u0131na ta\u015fmayarak \u00e7ocuklar\u0131n her durumunu anlamaya \u00e7al\u0131\u015f\u0131yorlar. \u00c7\u00fcnk\u00fc ba\u015far\u0131 buna ba\u011fl\u0131d\u0131r. Bunun en ba\u015far\u0131l\u0131 Avrupa modeli ise AFC Ajax. D\u00fcnya futboluna kazand\u0131rd\u0131\u011f\u0131 oyuncu say\u0131s\u0131 olduk\u00e7a fazlad\u0131r. Bir d\u00f6nem Hollanda milli tak\u0131m\u0131n\u0131n \u00e7o\u011funlu\u011fu <strong>Ajax&#8217;ta<\/strong> oynuyordu.<\/p>\n<h3>Bunu nas\u0131l ba\u015far\u0131yorlar ?<\/h3>\n<p><img loading=\"lazy\" decoding=\"async\" class=\"alignnone size-full wp-image-891\" src=\"https:\/\/adameksik.com\/blog\/wp-content\/uploads\/2021\/12\/avrupada-basari.jpg\" alt=\"avrupada-basari\" width=\"700\" height=\"393\" srcset=\"https:\/\/adameksik.com\/blog\/wp-content\/uploads\/2021\/12\/avrupada-basari.jpg 700w, https:\/\/adameksik.com\/blog\/wp-content\/uploads\/2021\/12\/avrupada-basari-300x168.jpg 300w\" sizes=\"auto, (max-width: 700px) 100vw, 700px\" \/><\/p>\n<p>En \u00f6nemli \u015feyi yaparak, <strong>ALT YAPI.<\/strong> Futbolu b\u0131rakmas\u0131na bir sene kalan y\u0131ld\u0131z futbolcuya milyonlarca para d\u00f6kmeden, gelirlerinin b\u00fcy\u00fck bir \u00e7o\u011funlu\u011funu tesis ve alt yap\u0131ya aktar\u0131yor. \u00c7\u00fcnk\u00fc bu \u015fekilde ba\u015far\u0131 sa\u011flan\u0131yor. Ajax, 2018\/19 sezonunda Eleme turlar\u0131ndan UCL gruplar\u0131na kat\u0131ld\u0131.<\/p>\n<p>Bayern, Benfica gibi g\u00fc\u00e7l\u00fc rakiplerden grubu ikinci olarak bitirdi. Son 16 turunda Real Madrid&#8217;i yendi. En \u00f6nemlisi de o d\u00f6nem Ronaldo&#8217;yu transfer eden Juventus&#8217;u ge\u00e7ti. Bunu ilk 11&#8217;de 5 alt yap\u0131 oyuncusu varken ba\u015fard\u0131. Bu ba\u015far\u0131lar\u0131 \u00f6rnek almal\u0131y\u0131z.<\/p>\n<h4>Ligimizin b\u00fcy\u00fck tak\u0131mlar\u0131n\u0131n neden pilot tak\u0131m\u0131 yok ?<\/h4>\n<p><img loading=\"lazy\" decoding=\"async\" class=\"alignnone size-full wp-image-892\" src=\"https:\/\/adameksik.com\/blog\/wp-content\/uploads\/2021\/12\/altinordu-altyapi.jpg\" alt=\"altinordu-altyapi\" width=\"740\" height=\"418\" srcset=\"https:\/\/adameksik.com\/blog\/wp-content\/uploads\/2021\/12\/altinordu-altyapi.jpg 740w, https:\/\/adameksik.com\/blog\/wp-content\/uploads\/2021\/12\/altinordu-altyapi-300x169.jpg 300w\" sizes=\"auto, (max-width: 740px) 100vw, 740px\" \/><\/p>\n<p><strong>Pilot tak\u0131m ne demek<\/strong> ? Pilot tak\u0131m, yeti\u015fen bir oyuncunun hem tecr\u00fcbe kazanmas\u0131 i\u00e7in hem de geli\u015fimi i\u00e7in gereklidir.<em> B\u00fcy\u00fck tak\u0131mlarda<\/em> k\u00fc\u00e7\u00fck ya\u015flarda oynayan oyuncular\u0131 pek g\u00f6remeyiz sebebi budur. \u00c7\u00fcnk\u00fc <strong>A tak\u0131m seviyesinde<\/strong> oynayamamak demek geli\u015fimi durdurmak demektir.<\/p>\n<p>Bu sayede oyuncunun geli\u015fimi tamamlan\u0131rken tecr\u00fcbe kazan\u0131m\u0131 da art\u0131yor. Elbette her zaman istisna durumlar\u0131 mevcuttur ancak geli\u015fim ve ba\u015far\u0131 buna ba\u011fl\u0131d\u0131r. Ba\u015far\u0131 ve gelecek gen\u00e7lerimizden ge\u00e7mektedir. Bununla birlikte <strong>Avrupa&#8217;da \u00f6nemli<\/strong> ad\u0131mlar atmam\u0131z hi\u00e7 zor de\u011fil.<\/p>\n<p><img loading=\"lazy\" decoding=\"async\" src=\"https:\/\/adameksik.com\/blog\/wp-content\/uploads\/2018\/06\/logo.png\" alt=\"logo\" width=\"242\" height=\"44\" \/><\/p>\n","protected":false},"excerpt":{"rendered":"<p>Baz\u0131 ki\u015filere g\u00f6re ger\u00e7ekten Avrupa futbolunun gerisinde miyiz ? \u00c7\u00fcnk\u00fc herhangi bir k\u0131s\u0131tlamayla veya Avrupa ma\u00e7lar\u0131na olan isteksizlikle geride oldu\u011fumuz<\/p>\n","protected":false},"author":1,"featured_media":893,"comment_status":"open","ping_status":"open","sticky":false,"template":"","format":"standard","meta":{"footnotes":""},"categories":[15,1],"tags":[302,296,300,298,303,301,304,299,297],"class_list":["post-888","post","type-post","status-publish","format-standard","has-post-thumbnail","hentry","category-futbol","category-genel","tag-altyapinin-onemi","tag-avrupa-futbolunun","tag-avrupa-ligi","tag-basarisiz","tag-futbol-nasil-gelisir","tag-futbolda-altyapi","tag-iyi-futbol","tag-neden","tag-turk-futbolu"],"_links":{"self":[{"href":"https:\/\/adameksik.com\/blog\/wp-json\/wp\/v2\/posts\/888","targetHints":{"allow":["GET"]}}],"collection":[{"href":"https:\/\/adameksik.com\/blog\/wp-json\/wp\/v2\/posts"}],"about":[{"href":"https:\/\/adameksik.com\/blog\/wp-json\/wp\/v2\/types\/post"}],"author":[{"embeddable":true,"href":"https:\/\/adameksik.com\/blog\/wp-json\/wp\/v2\/users\/1"}],"replies":[{"embeddable":true,"href":"https:\/\/adameksik.com\/blog\/wp-json\/wp\/v2\/comments?post=888"}],"version-history":[{"count":1,"href":"https:\/\/adameksik.com\/blog\/wp-json\/wp\/v2\/posts\/888\/revisions"}],"predecessor-version":[{"id":894,"href":"https:\/\/adameksik.com\/blog\/wp-json\/wp\/v2\/posts\/888\/revisions\/894"}],"wp:featuredmedia":[{"embeddable":true,"href":"https:\/\/adameksik.com\/blog\/wp-json\/wp\/v2\/media\/893"}],"wp:attachment":[{"href":"https:\/\/adameksik.com\/blog\/wp-json\/wp\/v2\/media?parent=888"}],"wp:term":[{"taxonomy":"category","embeddable":true,"href":"https:\/\/adameksik.com\/blog\/wp-json\/wp\/v2\/categories?post=888"},{"taxonomy":"post_tag","embeddable":true,"href":"https:\/\/adameksik.com\/blog\/wp-json\/wp\/v2\/tags?post=888"}],"curies":[{"name":"wp","href":"https:\/\/api.w.org\/{rel}","templated":true}]}}