{"id":882,"date":"2021-12-15T20:47:17","date_gmt":"2021-12-15T17:47:17","guid":{"rendered":"https:\/\/adameksik.com\/blog\/?p=882"},"modified":"2021-12-15T20:47:17","modified_gmt":"2021-12-15T17:47:17","slug":"tottenham-ve-aston-villa-covid-19-mucadelesi","status":"publish","type":"post","link":"https:\/\/adameksik.com\/blog\/tottenham-ve-aston-villa-covid-19-mucadelesi\/","title":{"rendered":"Tottenham ve Aston Villa Covid 19 M\u00fccadelesi!"},"content":{"rendered":"<h2>Tottenham ve Aston Villa i\u00e7in Covid-19 vakalar\u0131 ne durumda? Tottenham&#8217;\u0131n ma\u00e7lar\u0131 neden iptal edildi? Rennes ma\u00e7\u0131 yeniden oynanacak m\u0131?<\/h2>\n<p>9 Aral\u0131k tarihinde <em>UEFA Konferans Ligi&#8217;nde Rennes ma\u00e7\u0131na<\/em> \u00e7\u0131kacak olan \u0130ngiliz ekibin ba\u015f\u0131 vir\u00fcs ile belada. Tam net olmamakla birlikte \u00f6nce 8 daha sonra 13 ki\u015finin <strong>Korona vir\u00fcse<\/strong> yakaland\u0131\u011f\u0131 duyuruldu. UEFA yetkilileri ma\u00e7\u0131 iptal etti. S\u00f6ylentilere g\u00f6re kararda ma\u00e7\u0131n tekrar oynanmayaca\u011f\u0131 y\u00f6n\u00fcndeydi ancak net bir a\u00e7\u0131klama hala yap\u0131lmad\u0131.<\/p>\n<h3>Tottenham Covid-19 Krizi<\/h3>\n<p><img loading=\"lazy\" decoding=\"async\" class=\"alignnone size-full wp-image-883\" src=\"https:\/\/adameksik.com\/blog\/wp-content\/uploads\/2021\/12\/tottenham-covid-19.jpg\" alt=\"tottenham-covid-19\" width=\"740\" height=\"418\" srcset=\"https:\/\/adameksik.com\/blog\/wp-content\/uploads\/2021\/12\/tottenham-covid-19.jpg 740w, https:\/\/adameksik.com\/blog\/wp-content\/uploads\/2021\/12\/tottenham-covid-19-300x169.jpg 300w\" sizes=\"auto, (max-width: 740px) 100vw, 740px\" \/><\/p>\n<p>12 Aral\u0131k Pazar g\u00fcn\u00fc oynanmas\u0131 planlanan Spurs &#8211; Brighton kar\u015f\u0131la\u015fmas\u0131nda futbolcular ve kul\u00fcp \u00e7al\u0131\u015fanlar\u0131nda pozitif vakalar g\u00f6r\u00fclmesi \u00fczerine ma\u00e7 oynanmad\u0131. Dolay\u0131s\u0131yla Tottenham zorlu bir hafta ge\u00e7irdi. Tak\u0131m patronu Antonio Conte \u015funlar\u0131 s\u00f6yledi:<\/p>\n<p><em>&#8220;Art\u0131k biraz korkmaya ba\u015flad\u0131k. Her g\u00fcn yeni bir pozitif vaka oluyor. Durum iyiye gitmiyor. Futbolu konu\u015fmak imkans\u0131z. Ya\u015fanan son geli\u015fmeler, beni \u00e7ok mutsuz ediyor.&#8221;<\/em><\/p>\n<p><strong>Kul\u00fcp resmi sitesinde \u015fu a\u00e7\u0131klamay\u0131 yay\u0131mlad\u0131:<\/strong><\/p>\n<p>&#8220;<em>Brighton<\/em> ile oynayaca\u011f\u0131m\u0131z kar\u015f\u0131la\u015fma, Premier Lig Y\u00f6netim Kurulu toplant\u0131s\u0131n\u0131n ard\u0131ndan ertelendi\u011fini do\u011fruluyoruz.<strong> Premier Lig<\/strong> Kurulu, t\u0131bbi dan\u0131\u015fmanlar\u0131n y\u00f6nlendirmesi \u00fczerine, oyuncular\u0131n ve personelin sa\u011fl\u0131\u011f\u0131 \u00f6ncelikli olmak \u00fczere oyunu erteleme karar\u0131 ald\u0131.<\/p>\n<p>Fikst\u00fcr zaman\u0131 geldi\u011finde yeniden planlanacakt\u0131r. Kul\u00fcp, oyuncular ve ilgili personel aras\u0131nda g\u00f6r\u00fclen \u00f6nemli say\u0131da <strong><em>pozitif Covid-19<\/em><\/strong> vakas\u0131n\u0131n ard\u0131ndan ma\u00e7\u0131n yeniden d\u00fczenlenmesini talep etti.<\/p>\n<p>Rennes ve Brighton taraftarlar\u0131ndan bizden kaynaklanan herhangi bir rahats\u0131zl\u0131ktan dolay\u0131 \u00f6z\u00fcr dileriz. Bu zorlu s\u00fcre\u00e7te g\u00f6sterdikleri anlay\u0131\u015f i\u00e7in her iki kul\u00fcbe de te\u015fekk\u00fcr etmek isteriz.&#8221;<\/p>\n<p>Di\u011fer yandan yap\u0131lan a\u00e7\u0131klamalara g\u00f6re <strong><em>Tottenham<\/em><\/strong>, programlar\u0131n\u0131 alt \u00fcst eden Covid-19 salg\u0131n\u0131n\u0131n ard\u0131ndan ilk tak\u0131m antrenman\u0131na geri d\u00f6nd\u00fc.<\/p>\n<h3>Aston Villa Covid-19 Krizi<\/h3>\n<p><img loading=\"lazy\" decoding=\"async\" class=\"alignnone size-full wp-image-884\" src=\"https:\/\/adameksik.com\/blog\/wp-content\/uploads\/2021\/12\/aston-villa-covid-19.jpg\" alt=\"aston-villa-covid-19\" width=\"700\" height=\"393\" srcset=\"https:\/\/adameksik.com\/blog\/wp-content\/uploads\/2021\/12\/aston-villa-covid-19.jpg 700w, https:\/\/adameksik.com\/blog\/wp-content\/uploads\/2021\/12\/aston-villa-covid-19-300x168.jpg 300w\" sizes=\"auto, (max-width: 700px) 100vw, 700px\" \/><\/p>\n<p><em>Aston Villa<\/em> ge\u00e7ti\u011fimiz haftalarda tak\u0131m\u0131n ba\u015f\u0131na <strong>Steven Gerrard<\/strong>&#8216;\u0131 getirmi\u015fti. \u0130ngiliz teknik adam \u00e7\u0131kt\u0131\u011f\u0131 be\u015f ma\u00e7ta 3G(galibiyet)-2M(ma\u011flubiyet) alarak Premier Lig&#8217;e h\u0131zl\u0131 bir giri\u015f yapm\u0131\u015ft\u0131.<\/p>\n<p>Futbolcu olarak emekli oldu\u011fu Liverpool&#8217;a ilk kez teknik adam olarak rakip oldu. 1-0 kaybetti ve ma\u00e7\u0131n ard\u0131ndan \u015funlar\u0131 s\u00f6yledi.<\/p>\n<p><strong> Steven Gerrard:<\/strong><\/p>\n<p>&#8220;Liverpool&#8217;un genel oyun a\u00e7\u0131s\u0131ndan daha iyi oldu\u011funu d\u00fc\u015f\u00fcn\u00fcyorum. Tarzlar\u0131 bizimkinden daha iyiydi, ancak onlar\u0131 uzun s\u00fcre zapt etmek i\u00e7in \u00e7ok \u00e7al\u0131\u015ft\u0131k ve elimizden geleni yapt\u0131k. Taahh\u00fct ve uygulama a\u00e7\u0131s\u0131ndan bundan daha mutlu ve gururlu olamazd\u0131m. Hafta ortas\u0131nda Norwich ile zorlu bir ma\u00e7\u0131m\u0131z daha var. Bu bizim i\u00e7in toparlamak ve olumlu bir sonu\u00e7 almak i\u00e7in b\u00fcy\u00fck bir f\u0131rsat.&#8221;<\/p>\n<p><strong>Yeni Omicron varyant\u0131 Aston Villa patronu Gerrad&#8217;\u0131 endi\u015felendirdi, Gerrard \u015f\u00f6yle bir a\u00e7\u0131klama yapt\u0131:<\/strong><\/p>\n<p>&#8220;T\u0131bbi gizlili\u011fe ba\u011fl\u0131 kalaca\u011f\u0131m. Vakalar\u0131 pozitif \u00e7\u0131kanlara ge\u00e7mi\u015f olsun dileklerimi iletiyorum. \u015eimdi tecrit ediyorlar, o kadar a\u00e7\u0131k ki kendilerine en iyi dileklerimizi g\u00f6nderiyoruz. Bu \u00f6\u011fleden sonra onlarla konu\u015faca\u011f\u0131m ve durumlar\u0131n\u0131 kontrol edece\u011fim.&#8221;<\/p>\n<h4>Tottenham ve Aston Villa stadyumlara seyirci alacak m\u0131?<\/h4>\n<p>Dolay\u0131s\u0131yla stadyumlar\u0131n da tam kapasiteli seyirci almamas\u0131 g\u00fcndemde olan bir di\u011fer konu. <strong><em>Premier Lig yetkilileri<\/em><\/strong> bu konuda \u00e7ok detayl\u0131 ve hassas \u00e7al\u0131\u015ft\u0131klar\u0131n\u0131 s\u00f6yledi. Di\u011fer kul\u00fcplerin de vir\u00fcsten dolay\u0131 \u00fcst d\u00fcze \u00f6nlem ald\u0131klar\u0131n\u0131 biliyoruz ancak yap\u0131lan herhangi bir a\u00e7\u0131klama bulunmamakta.<\/p>\n<p>Tottenham ve Aston Villa kul\u00fcplerine ge\u00e7mi\u015f olsun dileklerimizi ileterek bir an \u00f6nce sahalara geri d\u00f6nmelerini diliyoruz.<\/p>\n<p><img loading=\"lazy\" decoding=\"async\" class=\"alignnone size-full wp-image-317\" src=\"https:\/\/adameksik.com\/blog\/wp-content\/uploads\/2018\/06\/logo.png\" alt=\"logo\" width=\"242\" height=\"44\" \/><\/p>\n","protected":false},"excerpt":{"rendered":"<p>Tottenham ve Aston Villa i\u00e7in Covid-19 vakalar\u0131 ne durumda? Tottenham&#8217;\u0131n ma\u00e7lar\u0131 neden iptal edildi? Rennes ma\u00e7\u0131 yeniden oynanacak m\u0131? 9<\/p>\n","protected":false},"author":1,"featured_media":885,"comment_status":"open","ping_status":"open","sticky":false,"template":"","format":"standard","meta":{"footnotes":""},"categories":[15,1],"tags":[290,292,277,293,62,295,294,291],"class_list":["post-882","post","type-post","status-publish","format-standard","has-post-thumbnail","hentry","category-futbol","category-genel","tag-aston-villa","tag-covid-19","tag-futbol","tag-korona","tag-mac","tag-premiere-lig","tag-stadyum","tag-tottenham"],"_links":{"self":[{"href":"https:\/\/adameksik.com\/blog\/wp-json\/wp\/v2\/posts\/882","targetHints":{"allow":["GET"]}}],"collection":[{"href":"https:\/\/adameksik.com\/blog\/wp-json\/wp\/v2\/posts"}],"about":[{"href":"https:\/\/adameksik.com\/blog\/wp-json\/wp\/v2\/types\/post"}],"author":[{"embeddable":true,"href":"https:\/\/adameksik.com\/blog\/wp-json\/wp\/v2\/users\/1"}],"replies":[{"embeddable":true,"href":"https:\/\/adameksik.com\/blog\/wp-json\/wp\/v2\/comments?post=882"}],"version-history":[{"count":1,"href":"https:\/\/adameksik.com\/blog\/wp-json\/wp\/v2\/posts\/882\/revisions"}],"predecessor-version":[{"id":886,"href":"https:\/\/adameksik.com\/blog\/wp-json\/wp\/v2\/posts\/882\/revisions\/886"}],"wp:featuredmedia":[{"embeddable":true,"href":"https:\/\/adameksik.com\/blog\/wp-json\/wp\/v2\/media\/885"}],"wp:attachment":[{"href":"https:\/\/adameksik.com\/blog\/wp-json\/wp\/v2\/media?parent=882"}],"wp:term":[{"taxonomy":"category","embeddable":true,"href":"https:\/\/adameksik.com\/blog\/wp-json\/wp\/v2\/categories?post=882"},{"taxonomy":"post_tag","embeddable":true,"href":"https:\/\/adameksik.com\/blog\/wp-json\/wp\/v2\/tags?post=882"}],"curies":[{"name":"wp","href":"https:\/\/api.w.org\/{rel}","templated":true}]}}