{"id":855,"date":"2021-02-21T16:39:09","date_gmt":"2021-02-21T13:39:09","guid":{"rendered":"https:\/\/adameksik.com\/blog\/?p=855"},"modified":"2021-03-04T17:44:20","modified_gmt":"2021-03-04T14:44:20","slug":"hali-sahada-virus-covid-19-bulasir-mi","status":"publish","type":"post","link":"https:\/\/adameksik.com\/blog\/hali-sahada-virus-covid-19-bulasir-mi\/","title":{"rendered":"Hal\u0131 Sahada Vir\u00fcs (Covid 19) Bula\u015f\u0131r m\u0131 ?"},"content":{"rendered":"<p><a href=\"https:\/\/adameksik.com\/blog\/\">Adam Eksik Blog<\/a>&#8216;dan herkese merhabalar. Hal\u0131 sahalar\u0131n kapal\u0131 oldu\u011fu bu d\u00f6nemde, sahalar\u0131n kapal\u0131 olmas\u0131na neden olan konu hakk\u0131nda bir yaz\u0131 yay\u0131nlamay\u0131 d\u00fc\u015f\u00fcnd\u00fck.<\/p>\n<p>Yakla\u015f\u0131k 1,5 senedir <strong>Covid 19 vir\u00fcs\u00fc<\/strong> ile beraber ya\u015f\u0131yoruz. Bu s\u00fcre\u00e7te vir\u00fcs\u00fcn daha fazla yay\u0131lmamas\u0131 ad\u0131na pek \u00e7ok k\u0131s\u0131tlama getirildi. Bu k\u0131s\u0131tlamalardan biri de <em>hal\u0131 sahalar\u0131n kapanmas\u0131<\/em> oldu.<\/p>\n<p>Tabi vir\u00fcs\u00fcn yer yer azald\u0131\u011f\u0131 zamanlarda k\u0131sa s\u00fcreli a\u00e7\u0131lsa da bir s\u00fcre sonra yeniden kapat\u0131ld\u0131. Ancak Mart en ge\u00e7 Nisan ay\u0131nda yeniden a\u00e7\u0131lmas\u0131 bekleniyor.<\/p>\n<h2>Hal\u0131 Saha Kurallar\u0131 Covid 19 (Korona)<\/h2>\n<p><img loading=\"lazy\" decoding=\"async\" class=\"alignnone wp-image-857\" src=\"https:\/\/adameksik.com\/blog\/wp-content\/uploads\/2021\/02\/hali-saha-korona-corona-covid.jpg\" alt=\"hali-saha-korona-corona-covid\" width=\"772\" height=\"434\" srcset=\"https:\/\/adameksik.com\/blog\/wp-content\/uploads\/2021\/02\/hali-saha-korona-corona-covid.jpg 880w, https:\/\/adameksik.com\/blog\/wp-content\/uploads\/2021\/02\/hali-saha-korona-corona-covid-300x169.jpg 300w, https:\/\/adameksik.com\/blog\/wp-content\/uploads\/2021\/02\/hali-saha-korona-corona-covid-768x432.jpg 768w\" sizes=\"auto, (max-width: 772px) 100vw, 772px\" \/><\/p>\n<p>Ancak hal\u0131 sahalar\u0131n a\u00e7\u0131lmas\u0131, vir\u00fcs\u00fc bitirmeyece\u011fi i\u00e7in hal\u0131 saha oyuncular\u0131n\u0131n akl\u0131na \u00e7ok \u00f6nemli bir soru geliyor. Bu soru tabi ki <strong>hal\u0131 sahada korona bula\u015f\u0131r m\u0131<\/strong> ? veya <em>ma\u00e7 yaparken vir\u00fcs bula\u015f\u0131r m\u0131<\/em> ? sorusu.<\/p>\n<p>\u0130\u015fte bu soruya elimizden geldi\u011fince yan\u0131t vermek istedik. Arkada\u015flar <strong><em>ma\u00e7ta vir\u00fcs bula\u015f\u0131r m\u0131<\/em><\/strong> konusunda akl\u0131m\u0131za g\u00f6re hareket etmeliyiz. Yani bunun net cevab\u0131n\u0131 kimse veremez. Verse bile bu cevap her ko\u015fulda ge\u00e7erli olmaz.<\/p>\n<p>Yani, vir\u00fcs toplu ta\u015f\u0131ma ara\u00e7lar\u0131nda maske takarak durdu\u011fumuz halde bula\u015fabiliyorsa, maskesiz, birbirimize temas ederek ve herkesin nefesinin birbirine kar\u0131\u015ft\u0131\u011f\u0131 bir saha ortam\u0131nda bula\u015fma riski \u00e7ok daha y\u00fcksektir.<\/p>\n<p>Bu nedenle hal\u0131 saha tutkunlar\u0131 olarak en az\u0131ndan bu riski en aza indirmek i\u00e7in baz\u0131 \u00f6nlemler alabiliriz. Mesela ma\u00e7a gelecek herkes pandemi kurallar\u0131na dikkat eden ki\u015filerden se\u00e7ilebilir.<\/p>\n<p>Veya gelen herkes kendisinde vir\u00fcs olmad\u0131\u011f\u0131na emin olarak gelebilir. Bunun d\u0131\u015f\u0131nda ma\u00e7 i\u00e7inde de ikili m\u00fccadeleye \u00e7ok girmeden, sosyal mesafeye uygun olarak pozisyon alarak oynamakta etkili olacakt\u0131r.<\/p>\n<p>Ma\u00e7 \u00f6ncesi ve sonras\u0131nda soyunma odalar\u0131n\u0131 kullanmamak ve toplu ve maskesiz di\u011fer oyuncularla i\u00e7 i\u00e7e durmamak da \u00f6nlem say\u0131labilir. Tabi ki yan\u0131m\u0131zda ma\u00e7 \u00f6ncesi ve sonras\u0131 kullanmak i\u00e7in dezenfektan olmas\u0131 da \u00f6nemlidir.<\/p>\n<p>Bunlar d\u0131\u015f\u0131nda ma\u00e7 s\u0131ras\u0131nda ve sonras\u0131nda su t\u00fcketmekte <strong>vir\u00fcs\u00fc \u00f6nleme<\/strong> de yard\u0131mc\u0131 olabilir.<\/p>\n<p>Yani \u00f6zetle vir\u00fcs d\u00f6neminde hal\u0131 saha d\u0131\u015f\u0131ndaki hayat\u0131m\u0131zda nelere dikkat ediyorsak, hal\u0131 sahaya gitti\u011fimizde de <strong><em>hal\u0131 sahada vir\u00fcs bula\u015fmamas\u0131 i\u00e7in<\/em><\/strong> ayn\u0131 tedbirleri hatta biraz daha fazlas\u0131n\u0131 almal\u0131y\u0131z.<\/p>\n<p>Son olarak ma\u00e7 esnas\u0131nda yerlere t\u00fck\u00fcrmemek, ma\u00e7 boyunca elimizi, y\u00fcz\u00fcm\u00fcze ve a\u011fz\u0131m\u0131za g\u00f6t\u00fcrmemekte olduk\u00e7a etkili olacakt\u0131r.<\/p>\n<p>Umar\u0131z en k\u0131sa s\u00fcrede vir\u00fcs tamamen hayat\u0131m\u0131zdan \u00e7\u0131kar ve bu yaz\u0131da anlat\u0131lanlar tamamen ge\u00e7erlili\u011fini yitirir. \u015eimdiden herkese keyifli ma\u00e7lar diliyoruz.<\/p>\n<p><img loading=\"lazy\" decoding=\"async\" class=\"alignnone size-full wp-image-317\" src=\"https:\/\/adameksik.com\/blog\/wp-content\/uploads\/2018\/06\/logo.png\" alt=\"logo\" width=\"242\" height=\"44\" \/><\/p>\n","protected":false},"excerpt":{"rendered":"<p>Adam Eksik Blog&#8216;dan herkese merhabalar. Hal\u0131 sahalar\u0131n kapal\u0131 oldu\u011fu bu d\u00f6nemde, sahalar\u0131n kapal\u0131 olmas\u0131na neden olan konu hakk\u0131nda bir yaz\u0131<\/p>\n","protected":false},"author":1,"featured_media":856,"comment_status":"open","ping_status":"open","sticky":false,"template":"","format":"standard","meta":{"footnotes":""},"categories":[15,11],"tags":[284,287,285,286,289],"class_list":["post-855","post","type-post","status-publish","format-standard","has-post-thumbnail","hentry","category-futbol","category-halisaha","tag-hali-saha-covid","tag-hali-saha-korona-onlemleri","tag-hali-saha-korona-riski","tag-hali-saha-korona-tedbirleri","tag-hali-saha-tehlikeli-mi"],"_links":{"self":[{"href":"https:\/\/adameksik.com\/blog\/wp-json\/wp\/v2\/posts\/855","targetHints":{"allow":["GET"]}}],"collection":[{"href":"https:\/\/adameksik.com\/blog\/wp-json\/wp\/v2\/posts"}],"about":[{"href":"https:\/\/adameksik.com\/blog\/wp-json\/wp\/v2\/types\/post"}],"author":[{"embeddable":true,"href":"https:\/\/adameksik.com\/blog\/wp-json\/wp\/v2\/users\/1"}],"replies":[{"embeddable":true,"href":"https:\/\/adameksik.com\/blog\/wp-json\/wp\/v2\/comments?post=855"}],"version-history":[{"count":1,"href":"https:\/\/adameksik.com\/blog\/wp-json\/wp\/v2\/posts\/855\/revisions"}],"predecessor-version":[{"id":858,"href":"https:\/\/adameksik.com\/blog\/wp-json\/wp\/v2\/posts\/855\/revisions\/858"}],"wp:featuredmedia":[{"embeddable":true,"href":"https:\/\/adameksik.com\/blog\/wp-json\/wp\/v2\/media\/856"}],"wp:attachment":[{"href":"https:\/\/adameksik.com\/blog\/wp-json\/wp\/v2\/media?parent=855"}],"wp:term":[{"taxonomy":"category","embeddable":true,"href":"https:\/\/adameksik.com\/blog\/wp-json\/wp\/v2\/categories?post=855"},{"taxonomy":"post_tag","embeddable":true,"href":"https:\/\/adameksik.com\/blog\/wp-json\/wp\/v2\/tags?post=855"}],"curies":[{"name":"wp","href":"https:\/\/api.w.org\/{rel}","templated":true}]}}