{"id":809,"date":"2020-07-07T20:06:15","date_gmt":"2020-07-07T17:06:15","guid":{"rendered":"https:\/\/adameksik.com\/blog\/?p=809"},"modified":"2020-07-07T20:17:58","modified_gmt":"2020-07-07T17:17:58","slug":"heyecan-dolu-fairplay-kupasi-sona-erdi","status":"publish","type":"post","link":"https:\/\/adameksik.com\/blog\/heyecan-dolu-fairplay-kupasi-sona-erdi\/","title":{"rendered":"Heyecan Dolu FairPlay Kupas\u0131 Sona Erdi!"},"content":{"rendered":"<p><a href=\"https:\/\/adameksik.com\/\">Adam Eksik<\/a>&#8216;den herkese merhabalar. <strong>Futbol dolu<\/strong>, \u00e7ok g\u00fczel bir ay ge\u00e7irdik. 22 Haziran&#8217;da ba\u015flayan <a href=\"https:\/\/adameksik.com\/blog\/category\/hali-saha-etkinliklerimiz\/\"><strong>Fair Play Kupas\u0131<\/strong><\/a> heyecan\u0131 5 Temmuz Pazar g\u00fcn\u00fc sona erdi. \u0130lk ma\u00e7lar\u0131n\u0131 farkl\u0131 skorlarla kazanmay\u0131 ba\u015faran 2 final tak\u0131m\u0131n\u0131n m\u00fccadelesi ma\u00e7 sonuna kadar devam etti.<\/p>\n<p>Ancak rakibine g\u00f6re az daha \u00fcst\u00fcn oynayan <strong>Anadolu Aslanlar\u0131<\/strong> tak\u0131m\u0131 final ma\u00e7\u0131n\u0131 kazanarak b\u00fcy\u00fck \u00f6d\u00fcl olan <em>tak\u0131ma \u00f6zel bask\u0131l\u0131 forman\u0131n<\/em> sahibi oldu.<\/p>\n<p><strong>Final ma\u00e7\u0131<\/strong> \u00f6ncesinde sahada 2 tak\u0131m i\u00e7in de kolay bir ma\u00e7 olmayaca\u011f\u0131 \u00e7ok belliydi. Ve olduk\u00e7a h\u0131rsl\u0131 ve m\u00fccadeleci bir kar\u015f\u0131la\u015fma oldu.<\/p>\n<p>Final ma\u00e7\u0131 heyecan\u0131 ile zaman zaman saha i\u00e7inde her iki tak\u0131m oyuncular\u0131 aras\u0131nda sertlik ya\u015fand\u0131.<\/p>\n<p>Ma\u00e7\u0131n hakemi <strong>H\u00fcseyin Akku\u015f<\/strong> yap\u0131lan m\u00fcdahalelerin giderek sertle\u015fmesi sonucu her iki tak\u0131mdan da baz\u0131 oyunculara <strong><span style=\"color: #ff0000;\">k\u0131rm\u0131z\u0131 kart<\/span><\/strong> \u00e7\u0131karmak zorunda kald\u0131.<\/p>\n<p>\u0130lk ma\u00e7tan beri kadrosunda pek de\u011fi\u015fim olmayan <strong>Anadolu Aslanlar\u0131<\/strong> ve final ma\u00e7\u0131nda belki de as\u0131l kalecilerinin olmamas\u0131 nedeniyle ma\u00e7a dezavantajl\u0131 ba\u015flayan <strong>Respect<\/strong> tak\u0131m\u0131, ger\u00e7ekten finale yak\u0131\u015f\u0131r bir oyun sergiledi.<\/p>\n<p>Oyuna genel olarak bak\u0131ld\u0131\u011f\u0131nda herhangi bir taraf\u0131n bariz \u00fcst\u00fcnl\u00fc\u011f\u00fc yoktu. Ma\u00e7 ba\u015f\u0131ndan sonuna kadar top adeta bir o kalede bir di\u011fer kaledeydi.<\/p>\n<p>Ama tabi ki ma\u00e7\u0131n bir kazanan\u0131 olacakt\u0131 ve kazanan <strong>Anadolu Aslanlar\u0131<\/strong> tak\u0131m\u0131 oldu. <strong>Respect<\/strong> tak\u0131m\u0131n\u0131 da verdi\u011fi m\u00fccadeleden ve kupan\u0131n<em> en g\u00fc\u00e7l\u00fc 2. tak\u0131m\u0131<\/em> olduklar\u0131ndan dolay\u0131 kutluyoruz.<\/p>\n<p>Son olarak final ma\u00e7\u0131n\u0131n verdi\u011fi heyecanla ma\u00e7 i\u00e7inde yer yer gerginlik ya\u015fansa da ma\u00e7 sonu her iki tak\u0131m oyuncular\u0131 da birbirlerini tebrik ederek sahadan iyi \u015fekilde ayr\u0131lmas\u0131n\u0131 bildiler.<\/p>\n<p><strong>Adam Eksik<\/strong> olarak biz de b\u00f6ylece <em>hal\u0131 sahalarda<\/em> ilk etkinli\u011fimizi tamamlam\u0131\u015f olduk. Umar\u0131z daha keyifli hal\u0131 saha etkinliklerinde yeniden bulu\u015furuz. Herkese keyifli ma\u00e7lar dileriz.<\/p>\n<p><img loading=\"lazy\" decoding=\"async\" class=\"alignnone size-full wp-image-811\" src=\"https:\/\/adameksik.com\/blog\/wp-content\/uploads\/2020\/07\/kupapason.jpg\" alt=\"kupapason\" width=\"842\" height=\"1191\" srcset=\"https:\/\/adameksik.com\/blog\/wp-content\/uploads\/2020\/07\/kupapason.jpg 842w, https:\/\/adameksik.com\/blog\/wp-content\/uploads\/2020\/07\/kupapason-212x300.jpg 212w, https:\/\/adameksik.com\/blog\/wp-content\/uploads\/2020\/07\/kupapason-724x1024.jpg 724w, https:\/\/adameksik.com\/blog\/wp-content\/uploads\/2020\/07\/kupapason-768x1086.jpg 768w\" sizes=\"auto, (max-width: 842px) 100vw, 842px\" \/><\/p>\n<h2><span style=\"color: #333333;\">Ma\u00e7 Detaylar\u0131<\/span><\/h2>\n<h3>Anadolu Aslanlar\u0131<\/h3>\n<p><img loading=\"lazy\" decoding=\"async\" class=\"alignnone size-full wp-image-813\" src=\"https:\/\/adameksik.com\/blog\/wp-content\/uploads\/2020\/07\/anadolu-aslanlari.jpg\" alt=\"anadolu-aslanlari\" width=\"800\" height=\"579\" srcset=\"https:\/\/adameksik.com\/blog\/wp-content\/uploads\/2020\/07\/anadolu-aslanlari.jpg 800w, https:\/\/adameksik.com\/blog\/wp-content\/uploads\/2020\/07\/anadolu-aslanlari-300x217.jpg 300w, https:\/\/adameksik.com\/blog\/wp-content\/uploads\/2020\/07\/anadolu-aslanlari-768x556.jpg 768w\" sizes=\"auto, (max-width: 800px) 100vw, 800px\" \/><\/p>\n<h3>Respect<\/h3>\n<p><img loading=\"lazy\" decoding=\"async\" class=\"alignnone size-full wp-image-814\" src=\"https:\/\/adameksik.com\/blog\/wp-content\/uploads\/2020\/07\/respect.jpg\" alt=\"respect\" width=\"800\" height=\"600\" srcset=\"https:\/\/adameksik.com\/blog\/wp-content\/uploads\/2020\/07\/respect.jpg 800w, https:\/\/adameksik.com\/blog\/wp-content\/uploads\/2020\/07\/respect-300x225.jpg 300w, https:\/\/adameksik.com\/blog\/wp-content\/uploads\/2020\/07\/respect-768x576.jpg 768w\" sizes=\"auto, (max-width: 800px) 100vw, 800px\" \/><\/p>\n<p><span style=\"color: #ff6600;\"><strong>Skor<\/strong><\/span><\/p>\n<p><span style=\"color: #008000;\"><strong>Anadolu Aslanlar\u0131<\/strong>: 3 &#8211; <strong>Respect<\/strong>: 2<\/span><\/p>\n<p><span style=\"color: #ff6600;\"><strong>Hakem<\/strong><\/span><\/p>\n<p><strong><span style=\"color: #008000;\">H\u00fcseyin Akku\u015f<\/span><\/strong><\/p>\n<p><span style=\"color: #ff6600;\"><strong>Goller<\/strong><\/span><\/p>\n<p><span style=\"color: #008000;\"><b>Anadolu Aslanlar\u0131 (<\/b><\/span> <strong><span style=\"color: #008000;\">Emrah<\/span><\/strong> &#8211; <span style=\"color: #008000;\">dk:8, dk:16 &#8211; <strong>Yunus<\/strong> &#8211; dk:36<\/span> )<\/p>\n<p><span style=\"color: #008000;\"><b>Respect <\/b>( <strong>Mustafa<\/strong> &#8211; dk:38, dk:47\u00a0)<\/span><\/p>\n<p><span style=\"color: #ff6600;\"><strong>Ma\u00e7 Videosu<\/strong><\/span><\/p>\n<p><iframe loading=\"lazy\" title=\"Anadolu Aslanlar\u0131 3 - 2 Respect ( Fair Play Kupas\u0131 Final Ma\u00e7\u0131 )\" width=\"800\" height=\"450\" src=\"https:\/\/www.youtube.com\/embed\/MGd613JZIyQ?feature=oembed\" frameborder=\"0\" allow=\"accelerometer; autoplay; encrypted-media; gyroscope; picture-in-picture\" allowfullscreen><\/iframe><\/p>\n","protected":false},"excerpt":{"rendered":"<p>Adam Eksik&#8216;den herkese merhabalar. Futbol dolu, \u00e7ok g\u00fczel bir ay ge\u00e7irdik. 22 Haziran&#8217;da ba\u015flayan Fair Play Kupas\u0131 heyecan\u0131 5 Temmuz<\/p>\n","protected":false},"author":1,"featured_media":784,"comment_status":"open","ping_status":"open","sticky":false,"template":"","format":"standard","meta":{"footnotes":""},"categories":[251],"tags":[254,260,252,258,262,261],"class_list":["post-809","post","type-post","status-publish","format-standard","has-post-thumbnail","hentry","category-hali-saha-etkinliklerimiz","tag-anadolu-aslanlari","tag-final-maci","tag-kupa-maci","tag-respect","tag-son-mac","tag-turnuva"],"_links":{"self":[{"href":"https:\/\/adameksik.com\/blog\/wp-json\/wp\/v2\/posts\/809","targetHints":{"allow":["GET"]}}],"collection":[{"href":"https:\/\/adameksik.com\/blog\/wp-json\/wp\/v2\/posts"}],"about":[{"href":"https:\/\/adameksik.com\/blog\/wp-json\/wp\/v2\/types\/post"}],"author":[{"embeddable":true,"href":"https:\/\/adameksik.com\/blog\/wp-json\/wp\/v2\/users\/1"}],"replies":[{"embeddable":true,"href":"https:\/\/adameksik.com\/blog\/wp-json\/wp\/v2\/comments?post=809"}],"version-history":[{"count":5,"href":"https:\/\/adameksik.com\/blog\/wp-json\/wp\/v2\/posts\/809\/revisions"}],"predecessor-version":[{"id":817,"href":"https:\/\/adameksik.com\/blog\/wp-json\/wp\/v2\/posts\/809\/revisions\/817"}],"wp:featuredmedia":[{"embeddable":true,"href":"https:\/\/adameksik.com\/blog\/wp-json\/wp\/v2\/media\/784"}],"wp:attachment":[{"href":"https:\/\/adameksik.com\/blog\/wp-json\/wp\/v2\/media?parent=809"}],"wp:term":[{"taxonomy":"category","embeddable":true,"href":"https:\/\/adameksik.com\/blog\/wp-json\/wp\/v2\/categories?post=809"},{"taxonomy":"post_tag","embeddable":true,"href":"https:\/\/adameksik.com\/blog\/wp-json\/wp\/v2\/tags?post=809"}],"curies":[{"name":"wp","href":"https:\/\/api.w.org\/{rel}","templated":true}]}}