{"id":802,"date":"2020-06-29T21:40:58","date_gmt":"2020-06-29T18:40:58","guid":{"rendered":"https:\/\/adameksik.com\/blog\/?p=802"},"modified":"2020-06-29T22:30:36","modified_gmt":"2020-06-29T19:30:36","slug":"fair-play-kupasinda-finale-kalan-takimlar-belli-oldu","status":"publish","type":"post","link":"https:\/\/adameksik.com\/blog\/fair-play-kupasinda-finale-kalan-takimlar-belli-oldu\/","title":{"rendered":"Fair Play Kupas\u0131nda Finale Kalan Tak\u0131mlar Belli Oldu!"},"content":{"rendered":"<p><a href=\"https:\/\/adameksik.com\/\"><strong>Adam Eksik<\/strong><\/a>&#8216;den herkese merhabalar. 28 Haziran Pazar, yani d\u00fcn ak\u015fam <strong><a href=\"https:\/\/adameksik.com\/blog\/category\/hali-saha-etkinliklerimiz\/\">Fair Play kupas\u0131n\u0131n<\/a><\/strong> 2. kar\u015f\u0131la\u015fmas\u0131 oynand\u0131. Yine futbol oynamak i\u00e7in olduk\u00e7a uygun ko\u015fullar\u0131n oldu\u011fu ak\u015famda <strong>Alkoliko Madrid ve Respect<\/strong> tak\u0131mlar\u0131 kar\u015f\u0131 kar\u015f\u0131ya geldi.<\/p>\n<p>Ma\u00e7 iki tak\u0131m\u0131nda kar\u015f\u0131l\u0131kl\u0131 olarak birbirini \u00f6l\u00e7mesiyle ba\u015flad\u0131 ve belli bir s\u00fcre b\u00f6yle devam etti. Ancak belli bir s\u00fcre sonra <strong>Respect<\/strong>, rakibine g\u00f6re daha \u00fcst\u00fcn oldu\u011funu g\u00f6sterdi ve ilk gol\u00fc buldu.<\/p>\n<p>Ma\u00e7ta s\u00fcre ilerledik\u00e7e \u00fcst\u00fcnl\u00fc\u011f\u00fc iyice ele ge\u00e7iren <strong>Respect<\/strong>, yakla\u015f\u0131k 10 dakika da bir gol atmay\u0131 ba\u015fararak <span style=\"color: #ff0000;\"><strong>5-0<\/strong><\/span> gibi net bir skorla galip gelmeyi ba\u015fard\u0131.<\/p>\n<p><strong>Alkoliko Madrid<\/strong> tak\u0131m\u0131 ma\u00e7\u0131n ba\u015f\u0131nda rakibi ile denk bir g\u00f6r\u00fcnt\u00fc verse de \u00f6zellikle son vuru\u015flarda \u00e7ok etkisiz kal\u0131p, skor yaratamay\u0131nca fark\u0131n a\u00e7\u0131lmas\u0131n\u0131 \u00f6nleyemedi.<\/p>\n<p><strong>Alkoliko Madrid<\/strong> tak\u0131m\u0131 skoru kendi lehine \u00e7evirebilecek pek \u00e7ok pozisyon yakalad\u0131. \u00d6zellikle kaleci ile kar\u015f\u0131 kar\u015f\u0131ya kald\u0131klar\u0131, y\u00fczde y\u00fcz gol pozisyonlar\u0131nda da ne yaz\u0131k ki ba\u015far\u0131s\u0131z oldular.<\/p>\n<p>Bu sonu\u00e7 ile ge\u00e7en haftan\u0131n galibi <strong>Anadolu Aslanlar\u0131<\/strong> ile bu haftan\u0131n galibi <strong>Respect<\/strong> tak\u0131mlar\u0131 hafta sonu oynanacak kupa finali ma\u00e7\u0131nda kar\u015f\u0131 kar\u015f\u0131ya gelme hakk\u0131 kazand\u0131lar.<\/p>\n<p>Kazanan tak\u0131m ise bask\u0131l\u0131 ve kaliteli <strong><em>forma \u00f6d\u00fcl\u00fcne<\/em><\/strong> kavu\u015facak. \u015eimdiden her iki tak\u0131ma da ba\u015far\u0131lar diliyoruz.<\/p>\n<p><img loading=\"lazy\" decoding=\"async\" class=\"alignnone size-full wp-image-803\" src=\"https:\/\/adameksik.com\/blog\/wp-content\/uploads\/2020\/06\/kupapaa.jpg\" alt=\"kupapaa\" width=\"842\" height=\"1191\" srcset=\"https:\/\/adameksik.com\/blog\/wp-content\/uploads\/2020\/06\/kupapaa.jpg 842w, https:\/\/adameksik.com\/blog\/wp-content\/uploads\/2020\/06\/kupapaa-212x300.jpg 212w, https:\/\/adameksik.com\/blog\/wp-content\/uploads\/2020\/06\/kupapaa-724x1024.jpg 724w, https:\/\/adameksik.com\/blog\/wp-content\/uploads\/2020\/06\/kupapaa-768x1086.jpg 768w\" sizes=\"auto, (max-width: 842px) 100vw, 842px\" \/><\/p>\n<h2><span style=\"color: #333333;\">Ma\u00e7 Detaylar\u0131<\/span><\/h2>\n<p><span style=\"color: #ff6600;\"><strong>Skor<\/strong><\/span><\/p>\n<p><span style=\"color: #008000;\"><strong>Respect<\/strong>: 5 &#8211; <strong>Alkoliko Madrid<\/strong>: 0<\/span><\/p>\n<p><span style=\"color: #ff6600;\"><strong>Hakem<\/strong><\/span><\/p>\n<p><strong><span style=\"color: #008000;\">H\u00fcseyin Akku\u015f<\/span><\/strong><\/p>\n<p><span style=\"color: #ff6600;\"><strong>Goller<\/strong><\/span><\/p>\n<p><span style=\"color: #008000;\"><b>Respect<\/b>( <strong>\u00d6zdemir<\/strong> &#8211; dk:13, dk:23, dk:38,\u00a0 <b>\u015eemsettin<\/b> &#8211; dk:25,\u00a0 <strong>Okan<\/strong>\u00a0 &#8211; dk:43 )<\/span><\/p>\n<p><span style=\"color: #ff6600;\"><strong>Ma\u00e7 Videosu<\/strong><\/span><\/p>\n<p><iframe loading=\"lazy\" title=\"Respect 5 - 0 Alkoliko Madrid ( Fair Play Kupas\u0131 2. Ma\u00e7 )\" width=\"800\" height=\"450\" src=\"https:\/\/www.youtube.com\/embed\/qFhi0Q0OTKA?feature=oembed\" frameborder=\"0\" allow=\"accelerometer; autoplay; encrypted-media; gyroscope; picture-in-picture\" allowfullscreen><\/iframe><\/p>\n","protected":false},"excerpt":{"rendered":"<p>Adam Eksik&#8216;den herkese merhabalar. 28 Haziran Pazar, yani d\u00fcn ak\u015fam Fair Play kupas\u0131n\u0131n 2. kar\u015f\u0131la\u015fmas\u0131 oynand\u0131. Yine futbol oynamak i\u00e7in<\/p>\n","protected":false},"author":1,"featured_media":784,"comment_status":"open","ping_status":"open","sticky":false,"template":"","format":"standard","meta":{"footnotes":""},"categories":[251],"tags":[25,259,257,256,258],"class_list":["post-802","post","type-post","status-publish","format-standard","has-post-thumbnail","hentry","category-hali-saha-etkinliklerimiz","tag-adam-eksik","tag-alkoliko-madrid","tag-fair-play","tag-kupa","tag-respect"],"_links":{"self":[{"href":"https:\/\/adameksik.com\/blog\/wp-json\/wp\/v2\/posts\/802","targetHints":{"allow":["GET"]}}],"collection":[{"href":"https:\/\/adameksik.com\/blog\/wp-json\/wp\/v2\/posts"}],"about":[{"href":"https:\/\/adameksik.com\/blog\/wp-json\/wp\/v2\/types\/post"}],"author":[{"embeddable":true,"href":"https:\/\/adameksik.com\/blog\/wp-json\/wp\/v2\/users\/1"}],"replies":[{"embeddable":true,"href":"https:\/\/adameksik.com\/blog\/wp-json\/wp\/v2\/comments?post=802"}],"version-history":[{"count":3,"href":"https:\/\/adameksik.com\/blog\/wp-json\/wp\/v2\/posts\/802\/revisions"}],"predecessor-version":[{"id":806,"href":"https:\/\/adameksik.com\/blog\/wp-json\/wp\/v2\/posts\/802\/revisions\/806"}],"wp:featuredmedia":[{"embeddable":true,"href":"https:\/\/adameksik.com\/blog\/wp-json\/wp\/v2\/media\/784"}],"wp:attachment":[{"href":"https:\/\/adameksik.com\/blog\/wp-json\/wp\/v2\/media?parent=802"}],"wp:term":[{"taxonomy":"category","embeddable":true,"href":"https:\/\/adameksik.com\/blog\/wp-json\/wp\/v2\/categories?post=802"},{"taxonomy":"post_tag","embeddable":true,"href":"https:\/\/adameksik.com\/blog\/wp-json\/wp\/v2\/tags?post=802"}],"curies":[{"name":"wp","href":"https:\/\/api.w.org\/{rel}","templated":true}]}}