{"id":776,"date":"2020-06-02T18:17:48","date_gmt":"2020-06-02T15:17:48","guid":{"rendered":"https:\/\/adameksik.com\/blog\/?p=776"},"modified":"2020-06-22T21:26:14","modified_gmt":"2020-06-22T18:26:14","slug":"fair-play-kupasi-basliyor","status":"publish","type":"post","link":"https:\/\/adameksik.com\/blog\/fair-play-kupasi-basliyor\/","title":{"rendered":"Fair Play Kupas\u0131 Ba\u015fl\u0131yor!"},"content":{"rendered":"<p><strong>Adam Eksik<\/strong>&#8216;den herkese merhabalar. Uzun s\u00fcredir hal\u0131 saha ma\u00e7\u0131 yapamad\u0131k ancak bu etkinlik ile olduk\u00e7a g\u00fczel bir ba\u015flang\u0131\u00e7 yapaca\u011f\u0131z.<\/p>\n<p><strong>Adam Eksik<\/strong> olarak ilk hal\u0131 saha etkinli\u011fimizi \u0130zmir&#8217;de yap\u0131yoruz. 4 tak\u0131m\u0131n kat\u0131labilece\u011fi <strong>Fair Play Kupas\u0131<\/strong> i\u00e7in bug\u00fcn itibariyle ba\u015fvurular\u0131 almaya ba\u015fl\u0131yoruz.<\/p>\n<p>\u0130lk ma\u00e7 <strong>20 Haziran Cumartesi<\/strong> g\u00fcn\u00fc oynanacak olup, final ma\u00e7\u0131 ise <strong>4 Temmuz Cumartesi<\/strong> g\u00fcn\u00fc oynanacakt\u0131r.<\/p>\n<p>Toplam <strong>4 tak\u0131m\u0131n kat\u0131labilece\u011fi<\/strong> bu organizasyonda ilk hafta 2 tak\u0131m, ikinci hafta di\u011fer 2 tak\u0131m ve final haftas\u0131nda da iki ma\u00e7\u0131n kazananlar\u0131 oynayacakt\u0131r.<\/p>\n<p>Finalde kazanan tak\u0131ma ise \u00f6d\u00fcl olarak <strong>kaliteli, isim ve numara bask\u0131l\u0131 forma tak\u0131m\u0131<\/strong> \u00f6d\u00fcl\u00fc verilecektir.<\/p>\n<p>Kazanan tak\u0131m forma modelini kendilerine sunulacak katalogdan se\u00e7ebilecektir. Bu etkinlik ile ilgili afi\u015fimizi ve etkinlik detaylar\u0131n\u0131 a\u015fa\u011f\u0131da g\u00f6rebilirsiniz.<\/p>\n<ul>\n<li><strong>Etkinlik ba\u015flang\u0131\u00e7 tarihi<\/strong>: 20 Haziran<\/li>\n<li><strong>Kontenjan<\/strong>: 4 tak\u0131m<\/li>\n<li><strong>Etkinlik yeri<\/strong>: \u0130zmir<\/li>\n<li><strong>Etkinlik \u00fccreti<\/strong>: \u00c7\u0131k\u0131lacak her ma\u00e7 i\u00e7in ki\u015fi ba\u015f\u0131 20 T\u00fcrk Liras\u0131d\u0131r.<\/li>\n<li><strong>Oyuncu say\u0131s\u0131<\/strong>: Tak\u0131mlar 1 kaleci ve 5 oyuncu \u015feklinde toplamda 6 oyuncudan olu\u015facakt\u0131r.<\/li>\n<li><strong>Ba\u015fvuru<\/strong>: <span style=\"color: #008000;\"><a style=\"color: #008000;\" href=\"https:\/\/api.whatsapp.com\/send?phone=905383709267\"><strong>Whatsapp ba\u015fvuru<\/strong><\/a><\/span> ( <strong>538 370 9267<\/strong> )linkinden tak\u0131m\u0131n\u0131z ad\u0131na ba\u015fvuru yapabilir veya etkinlik ile ilgili merak ettiklerinizi sorabilirsiniz.<\/li>\n<li><strong>\u00d6d\u00fcl<\/strong>: Kazanan tak\u0131ma kaliteli, isim ve numara bask\u0131l\u0131 forma tak\u0131m\u0131.<\/li>\n<li><strong>Ekstra<\/strong>: T\u00fcm ma\u00e7lar kamera ile \u00e7ekilecek ve ma\u00e7\u0131n ertesi g\u00fcn\u00fc montajl\u0131 geni\u015f \u00f6zet \u015feklinde YouTube kanal\u0131 ve web sitemizden haber \u015feklinde payla\u015f\u0131lacakt\u0131r.<\/li>\n<li><strong>Ek bilgi<\/strong>: Ma\u00e7ta bip (yelek) giymek istemeyen tak\u0131mlar, t\u00fcm oyuncular\u0131 ayn\u0131 renkte forma giymesi halinde bip (yelek) giymeyebilir. Aksi halde 2 tak\u0131mda bip (yelek) giymek zorundad\u0131r.<\/li>\n<li><strong>Ek bilgi<\/strong>: Her tak\u0131m en fazla 3 yedek oyuncu bulundurabilir.<\/li>\n<\/ul>\n<p><strong><span style=\"color: #ff0000;\">G\u00dcNCELLEME<\/span>: Kat\u0131l\u0131mlar sona ermi\u015ftir. Kura \u00e7ekimi yap\u0131lm\u0131\u015ft\u0131r.<\/strong><\/p>\n<p><img loading=\"lazy\" decoding=\"async\" class=\"alignnone size-full wp-image-791\" src=\"https:\/\/adameksik.com\/blog\/wp-content\/uploads\/2020\/06\/kupaa.jpg\" alt=\"kupaa\" width=\"842\" height=\"1191\" srcset=\"https:\/\/adameksik.com\/blog\/wp-content\/uploads\/2020\/06\/kupaa.jpg 842w, https:\/\/adameksik.com\/blog\/wp-content\/uploads\/2020\/06\/kupaa-212x300.jpg 212w, https:\/\/adameksik.com\/blog\/wp-content\/uploads\/2020\/06\/kupaa-724x1024.jpg 724w, https:\/\/adameksik.com\/blog\/wp-content\/uploads\/2020\/06\/kupaa-768x1086.jpg 768w\" sizes=\"auto, (max-width: 842px) 100vw, 842px\" \/><\/p>\n","protected":false},"excerpt":{"rendered":"<p>Adam Eksik&#8216;den herkese merhabalar. Uzun s\u00fcredir hal\u0131 saha ma\u00e7\u0131 yapamad\u0131k ancak bu etkinlik ile olduk\u00e7a g\u00fczel bir ba\u015flang\u0131\u00e7 yapaca\u011f\u0131z. Adam<\/p>\n","protected":false},"author":1,"featured_media":784,"comment_status":"open","ping_status":"open","sticky":false,"template":"","format":"standard","meta":{"footnotes":""},"categories":[251,11],"tags":[249,248],"class_list":["post-776","post","type-post","status-publish","format-standard","has-post-thumbnail","hentry","category-hali-saha-etkinliklerimiz","category-halisaha","tag-hali-saha-kupa","tag-hali-saha-organizasyonlari"],"_links":{"self":[{"href":"https:\/\/adameksik.com\/blog\/wp-json\/wp\/v2\/posts\/776","targetHints":{"allow":["GET"]}}],"collection":[{"href":"https:\/\/adameksik.com\/blog\/wp-json\/wp\/v2\/posts"}],"about":[{"href":"https:\/\/adameksik.com\/blog\/wp-json\/wp\/v2\/types\/post"}],"author":[{"embeddable":true,"href":"https:\/\/adameksik.com\/blog\/wp-json\/wp\/v2\/users\/1"}],"replies":[{"embeddable":true,"href":"https:\/\/adameksik.com\/blog\/wp-json\/wp\/v2\/comments?post=776"}],"version-history":[{"count":9,"href":"https:\/\/adameksik.com\/blog\/wp-json\/wp\/v2\/posts\/776\/revisions"}],"predecessor-version":[{"id":792,"href":"https:\/\/adameksik.com\/blog\/wp-json\/wp\/v2\/posts\/776\/revisions\/792"}],"wp:featuredmedia":[{"embeddable":true,"href":"https:\/\/adameksik.com\/blog\/wp-json\/wp\/v2\/media\/784"}],"wp:attachment":[{"href":"https:\/\/adameksik.com\/blog\/wp-json\/wp\/v2\/media?parent=776"}],"wp:term":[{"taxonomy":"category","embeddable":true,"href":"https:\/\/adameksik.com\/blog\/wp-json\/wp\/v2\/categories?post=776"},{"taxonomy":"post_tag","embeddable":true,"href":"https:\/\/adameksik.com\/blog\/wp-json\/wp\/v2\/tags?post=776"}],"curies":[{"name":"wp","href":"https:\/\/api.w.org\/{rel}","templated":true}]}}