{"id":744,"date":"2020-03-17T18:46:59","date_gmt":"2020-03-17T15:46:59","guid":{"rendered":"https:\/\/adameksik.com\/blog\/?p=744"},"modified":"2020-06-03T19:18:31","modified_gmt":"2020-06-03T16:18:31","slug":"corona-virusu-nedeniyle-hali-sahalar-kapandi-mi","status":"publish","type":"post","link":"https:\/\/adameksik.com\/blog\/corona-virusu-nedeniyle-hali-sahalar-kapandi-mi\/","title":{"rendered":"Corona Vir\u00fcs\u00fc Nedeniyle Hal\u0131 Sahalar Kapand\u0131 m\u0131 ?"},"content":{"rendered":"<p><a href=\"https:\/\/adameksik.com\/blog\/\"><strong>Adam Eksik Blog<\/strong><\/a>&#8216; dan herkese merhabalar. Bir s\u00fcredir blogumuzda yaz\u0131 yay\u0131nlayamad\u0131k. Bu g\u00fcnlerde yeniden blogu canland\u0131rmak ama\u00e7l\u0131 d\u00fczenli olarak <em>futbol ve hal\u0131 saha<\/em> ile ilgili makaleler eklemeye devam ediyor olaca\u011f\u0131z.<\/p>\n<p>Ancak bu makalemizin konusu biraz daha farkl\u0131 olacak. \u00c7\u00fcnk\u00fc hepimizin bildi\u011fi gibi bir s\u00fcredir \u00c7in&#8217;den d\u00fcnyaya yay\u0131lan ve ne yaz\u0131k ki bize de ula\u015fm\u0131\u015f olan bir durum var: <strong>Corona Vir\u00fcs\u00fc<\/strong>.<\/p>\n<p>\u0130lk ba\u015flarda bizi \u00e7ok etkilemese de son zamanlarda g\u00f6r\u00fclen vakalar\u0131n artmas\u0131 nedeniyle art\u0131k bizim \u00fclkemizde de \u00f6nlemler \u00fcst d\u00fczeye \u00e7\u0131kar\u0131lm\u0131\u015f durumda. \u00d6yle ki, okullar tatil edildi, pek \u00e7ok toplu kullan\u0131m alanlar\u0131 belli s\u00fcre ile kullan\u0131ma kapat\u0131ld\u0131.<\/p>\n<p>Hatta bizimde direk i\u00e7inde bulundu\u011fumuz alan olan <em><strong>hal\u0131 sahalar bile kapat\u0131ld\u0131<\/strong><\/em>. Makalemizin ba\u015fl\u0131\u011f\u0131ndan da anla\u015f\u0131laca\u011f\u0131 \u00fczere bu konuda \u00f6zellikle <em>Adam Eksik Whatsapp<\/em> gruplar\u0131ndan pek \u00e7ok mesaj ald\u0131k.<\/p>\n<p>Yani <strong>hal\u0131 sahalar neden kapal\u0131<\/strong> veya <em><strong>hal\u0131 sahalar kapal\u0131 m\u0131<\/strong><\/em> diye ? Her hafta biz futbol tutkunlar\u0131n\u0131n bir e\u011flencesi olan hal\u0131 saha ma\u00e7lar\u0131 da ge\u00e7en haftaya kadar devam ediyordu.<\/p>\n<h2>Hal\u0131 Sahalar Kapal\u0131 m\u0131 ?<\/h2>\n<p><img loading=\"lazy\" decoding=\"async\" class=\"alignnone size-full wp-image-746\" src=\"https:\/\/adameksik.com\/blog\/wp-content\/uploads\/2020\/03\/corona-virus-hali-saha.png\" alt=\"corona-virus-hali-saha\" width=\"600\" height=\"351\" srcset=\"https:\/\/adameksik.com\/blog\/wp-content\/uploads\/2020\/03\/corona-virus-hali-saha.png 600w, https:\/\/adameksik.com\/blog\/wp-content\/uploads\/2020\/03\/corona-virus-hali-saha-300x176.png 300w\" sizes=\"auto, (max-width: 600px) 100vw, 600px\" \/><\/p>\n<p>Bizler de kendi ma\u00e7\u0131m\u0131z\u0131 yapt\u0131k ve <a href=\"https:\/\/www.youtube.com\/watch?v=_F9ESokHF0g\">\u015furadan<\/a> izleyebilece\u011finiz gibi videomuzu da \u00e7ektik. Ancak bu haftaya girdi\u011fimiz Pazartesi g\u00fcn\u00fcnden itibaren bize mesajlar gelmeye ba\u015flad\u0131. Hal\u0131 sahalar kapal\u0131 m\u0131 ? diye.<\/p>\n<p>Tabi ki biz hal\u0131 sahalar toplulu\u011fu veya federasyon ba\u015fkanl\u0131\u011f\u0131 falan de\u011filiz. Ancak san\u0131yorum bu sorular\u0131 soran arkada\u015flar\u0131m\u0131z bizim bu i\u015fin ne kadar i\u00e7inde oldu\u011fumuzu bildiklerinden daha h\u0131zl\u0131 yan\u0131t alabilmek ad\u0131na bize dan\u0131\u015ft\u0131lar.<\/p>\n<p>Biz de kendi \u00e7evremizde ve di\u011fer illerdeki tan\u0131d\u0131klar\u0131m\u0131za dan\u0131\u015farak bir bilgi edindik. Ve Whatsapp&#8217;tan bize sorular\u0131n\u0131 y\u00f6nelten arkada\u015flar\u0131m\u0131za bilgi verdik. Ancak daha fazla ki\u015fiye bilgi vermi\u015f olmak amac\u0131yla bu yaz\u0131y\u0131 yazmak istedik.<\/p>\n<p>Edindi\u011fimiz genel bilgiye g\u00f6re <em>hal\u0131 sahalar ay sonuna kadar kapat\u0131lm\u0131\u015f<\/em> durumda. Tabi ki T\u00fcrkiye&#8217;deki t\u00fcm hal\u0131 sahalar\u0131 kapsam\u0131yor bu durum. Ancak \u00e7ok b\u00fcy\u00fck bir oran\u0131 i\u00e7in bu durum ge\u00e7erli diyebiliriz.<\/p>\n<p>\u00c7\u00fcnk\u00fc biliyorsunuz bu durum hal\u0131 sahalara gelene kadar bir\u00e7ok k\u0131sm\u0131 etkiledi. Ve bunun d\u0131\u015f\u0131nda \u015fuan i\u00e7in bulundu\u011fumuz ortam \u015fartlar\u0131 da belli. B\u00f6yle bir ortamda her ne kadar <strong>hal\u0131 saha tutkunu, heveslisi<\/strong> olsak da pek \u00e7ok ki\u015fi ma\u00e7a gitmek istemiyor.<\/p>\n<p>Bu durumda da g\u00f6r\u00fcnen o ki en az\u0131ndan belli bir s\u00fcreli\u011fine <em>hal\u0131 saha ma\u00e7lar\u0131 da ertelenmi\u015f<\/em> oluyor. Umar\u0131z bu durum bir an \u00f6nce d\u00fczelir ve hal\u0131 sahalarda g\u00fcven i\u00e7inde ma\u00e7lar\u0131m\u0131za devam edebiliriz.<\/p>\n<p><span style=\"color: #ff0000;\">G\u00dcNCELLEME<\/span>: <strong>Hal\u0131 sahalar 1 Haziran itibariyle a\u00e7\u0131lm\u0131\u015ft\u0131r.<\/strong><\/p>\n<p><img loading=\"lazy\" decoding=\"async\" class=\"alignnone size-full wp-image-317\" src=\"https:\/\/adameksik.com\/blog\/wp-content\/uploads\/2018\/06\/logo.png\" alt=\"logo\" width=\"242\" height=\"44\" \/><\/p>\n","protected":false},"excerpt":{"rendered":"<p>Adam Eksik Blog&#8216; dan herkese merhabalar. Bir s\u00fcredir blogumuzda yaz\u0131 yay\u0131nlayamad\u0131k. Bu g\u00fcnlerde yeniden blogu canland\u0131rmak ama\u00e7l\u0131 d\u00fczenli olarak futbol<\/p>\n","protected":false},"author":1,"featured_media":745,"comment_status":"open","ping_status":"open","sticky":false,"template":"","format":"standard","meta":{"footnotes":""},"categories":[1,11],"tags":[222,221,227,250,225,224,226,220,223],"class_list":["post-744","post","type-post","status-publish","format-standard","has-post-thumbnail","hentry","category-genel","category-halisaha","tag-corona-virusu-hali-saha","tag-hali-sahada-virus-bulasir-mi","tag-hali-sahalar-acik-mi","tag-hali-sahalar-acildi-mi","tag-hali-sahalar-kapali-mi","tag-hali-sahalar-kapandi","tag-hali-sahalar-kapatildi-mi","tag-hali-sahalar-ne-zaman-acilacak","tag-sahalar-neden-kapali"],"_links":{"self":[{"href":"https:\/\/adameksik.com\/blog\/wp-json\/wp\/v2\/posts\/744","targetHints":{"allow":["GET"]}}],"collection":[{"href":"https:\/\/adameksik.com\/blog\/wp-json\/wp\/v2\/posts"}],"about":[{"href":"https:\/\/adameksik.com\/blog\/wp-json\/wp\/v2\/types\/post"}],"author":[{"embeddable":true,"href":"https:\/\/adameksik.com\/blog\/wp-json\/wp\/v2\/users\/1"}],"replies":[{"embeddable":true,"href":"https:\/\/adameksik.com\/blog\/wp-json\/wp\/v2\/comments?post=744"}],"version-history":[{"count":2,"href":"https:\/\/adameksik.com\/blog\/wp-json\/wp\/v2\/posts\/744\/revisions"}],"predecessor-version":[{"id":787,"href":"https:\/\/adameksik.com\/blog\/wp-json\/wp\/v2\/posts\/744\/revisions\/787"}],"wp:featuredmedia":[{"embeddable":true,"href":"https:\/\/adameksik.com\/blog\/wp-json\/wp\/v2\/media\/745"}],"wp:attachment":[{"href":"https:\/\/adameksik.com\/blog\/wp-json\/wp\/v2\/media?parent=744"}],"wp:term":[{"taxonomy":"category","embeddable":true,"href":"https:\/\/adameksik.com\/blog\/wp-json\/wp\/v2\/categories?post=744"},{"taxonomy":"post_tag","embeddable":true,"href":"https:\/\/adameksik.com\/blog\/wp-json\/wp\/v2\/tags?post=744"}],"curies":[{"name":"wp","href":"https:\/\/api.w.org\/{rel}","templated":true}]}}