{"id":701,"date":"2019-12-27T20:20:28","date_gmt":"2019-12-27T17:20:28","guid":{"rendered":"https:\/\/adameksik.com\/blog\/?p=701"},"modified":"2019-12-27T20:20:28","modified_gmt":"2019-12-27T17:20:28","slug":"super-lig-17-hafta-3-buyuklerin-mac-analizi","status":"publish","type":"post","link":"https:\/\/adameksik.com\/blog\/super-lig-17-hafta-3-buyuklerin-mac-analizi\/","title":{"rendered":"S\u00fcper Lig 17. Hafta 3 B\u00fcy\u00fcklerin Ma\u00e7 Analizi"},"content":{"rendered":"<p><strong>S\u00fcper Lig<\/strong>\u2019de sezonun ilk yar\u0131s\u0131n\u0131n tamamlanmas\u0131na sadece bir hafta kald\u0131. Bu hafta oynanacak olan <strong><em>17. hafta<\/em><\/strong> m\u00fccadeleleriyle birlikte uzun bir tatile girilecek.<\/p>\n<p>Ara d\u00f6nemde ise <strong>T\u00fcrkiye Kupas\u0131<\/strong> ma\u00e7lar\u0131 oynanacak ve sonras\u0131nda ara transfer sezonu ba\u015flayacak. \u0130lk yar\u0131y\u0131 iyi bir \u015fekilde tamamlamak isteyen tak\u0131mlar son hafta ma\u00e7\u0131nda k\u0131yas\u0131ya rekabet edecek.<\/p>\n<h2>Be\u015fikta\u015f &#8211; Gen\u00e7lerbirli\u011fi Ma\u00e7\u0131<\/h2>\n<p><img loading=\"lazy\" decoding=\"async\" class=\"alignnone  wp-image-702\" src=\"https:\/\/adameksik.com\/blog\/wp-content\/uploads\/2019\/12\/besiktas-genclerbirligi.png\" alt=\"\" width=\"661\" height=\"373\" srcset=\"https:\/\/adameksik.com\/blog\/wp-content\/uploads\/2019\/12\/besiktas-genclerbirligi.png 728w, https:\/\/adameksik.com\/blog\/wp-content\/uploads\/2019\/12\/besiktas-genclerbirligi-600x339.png 600w, https:\/\/adameksik.com\/blog\/wp-content\/uploads\/2019\/12\/besiktas-genclerbirligi-300x169.png 300w\" sizes=\"auto, (max-width: 661px) 100vw, 661px\" \/><\/p>\n<p>S\u00fcper Lig\u2019in 17. haftas\u0131n\u0131n a\u00e7\u0131l\u0131\u015f kar\u015f\u0131la\u015fmas\u0131nda bug\u00fcn <strong>Be\u015fikta\u015f<\/strong> sahas\u0131nda Gen\u00e7lerbirli\u011fi&#8217;ni a\u011f\u0131rlayacak. Son ma\u00e7ta Fenerbah\u00e7e deplasman\u0131nda 3-1 yenilerek a\u011f\u0131r bir yara alan Be\u015fikta\u015f bug\u00fcn zor bir ma\u00e7a \u00e7\u0131kacak.<\/p>\n<p>2 hafta \u00f6ncesine kadar ligin en alt s\u0131ralar\u0131nda yer alan <em><strong>Gen\u00e7lerbirli\u011fi<\/strong> <\/em>2 hafta \u00f6nce evinde G\u00f6ztepe\u2019yi 3-1 ma\u011flup ederek ad\u0131ndan s\u00f6z ettirmi\u015f, ge\u00e7en hafta ise lider Sivasspor\u2019u evinde a\u011f\u0131rlayarak yedi\u011fi son dakika gol\u00fcyle 3 puan\u0131 ka\u00e7\u0131rm\u0131\u015ft\u0131.<\/p>\n<p>Be\u015fikta\u015f tak\u0131m\u0131na kar\u015f\u0131 da etkili bir futbol ortaya koymas\u0131 beklenen <strong>Gen\u00e7lerbirli\u011fi\u2019nin Be\u015fikta\u015f\u2019a<\/strong> zor bir ma\u00e7 ya\u015fatmas\u0131 bekleniyor. \u0130ki tak\u0131m aras\u0131nda bug\u00fcne kadar yap\u0131lan m\u00fcsabakalara bak\u0131ld\u0131\u011f\u0131nda Be\u015fikta\u015f\u2019\u0131n 57\u2019ye kar\u015f\u0131 11\u2019lik ezici bir \u00fcst\u00fcnl\u00fc\u011f\u00fc oldu\u011fu g\u00f6r\u00fcl\u00fcyor.<\/p>\n<p>\u0130ki tak\u0131m aras\u0131nda 10 Mart 2018 tarihinde oynanan lig ma\u00e7\u0131ndan Be\u015fikta\u015f 1-0 galibiyetle ayr\u0131lmay\u0131 ba\u015farm\u0131\u015ft\u0131. Be\u015fikta\u015f\u2019\u0131n Gen\u00e7lerbirli\u011fi kar\u015f\u0131s\u0131nda gol yollar\u0131ndaki etkili silah\u0131 <strong>Burak Y\u0131lmaz<\/strong>\u2019\u0131n arka adalesinden sakat olu\u015fu da can s\u0131k\u0131yor.<\/p>\n<p>Bunun yan\u0131nda Douglas, Dorukhan Tok\u00f6z ve Enzo Roco da sakatl\u0131klar\u0131 nedeniyle, Jeremain Lens ise sar\u0131 kart cezal\u0131s\u0131 oldu\u011fu i\u00e7in bu ma\u00e7ta forma giyemeyecek. Konuk tak\u0131m Gen\u00e7lerbirli\u011finde ise tak\u0131m\u0131n\u0131 11 golle s\u0131rtlayan <strong>Bogdan Stancu<\/strong> sar\u0131 kart cezas\u0131 sebebiyle forma giyemeyecek.<\/p>\n<p>Berat \u00d6zdemir ve Baiano yine sar\u0131 kart cezas\u0131ndan dolay\u0131, Halil \u0130brahim Pehlivan ve Giovanni Sio ise sakatl\u0131klar\u0131ndan dolay\u0131 bu ak\u015fam ma\u00e7\u0131 trib\u00fcnden izleyecek. Bu ak\u015fam saat 20.30\u2019da ba\u015flayacak olan ma\u00e7\u0131 <strong>F\u0131rat Ayd\u0131nus<\/strong> y\u00f6netecek.<\/p>\n<h2>Galatasaray Sahas\u0131nda Antalyaspor \u0130le Oynayacak<\/h2>\n<p><img loading=\"lazy\" decoding=\"async\" class=\"alignnone size-full wp-image-703\" src=\"https:\/\/adameksik.com\/blog\/wp-content\/uploads\/2019\/12\/galatasaray-antalyaspor.jpg\" alt=\"\" width=\"616\" height=\"321\" srcset=\"https:\/\/adameksik.com\/blog\/wp-content\/uploads\/2019\/12\/galatasaray-antalyaspor.jpg 616w, https:\/\/adameksik.com\/blog\/wp-content\/uploads\/2019\/12\/galatasaray-antalyaspor-600x313.jpg 600w, https:\/\/adameksik.com\/blog\/wp-content\/uploads\/2019\/12\/galatasaray-antalyaspor-300x156.jpg 300w\" sizes=\"auto, (max-width: 616px) 100vw, 616px\" \/><\/p>\n<p>28 Aral\u0131k Cumartesi g\u00fcn\u00fc ise <strong>Galatasaray<\/strong> sahas\u0131nda ligde 16. s\u0131rada bulunan Antalyaspor tak\u0131m\u0131n\u0131 a\u011f\u0131rlayacak. Tuzlaspor\u2019u T\u00fcrkiye Kupas\u0131 ma\u00e7\u0131nda 4-0 ile ge\u00e7erek y\u00fckseli\u015fe ge\u00e7mek isteyen fakat ge\u00e7ti\u011fimiz hafta G\u00f6ztepe tak\u0131m\u0131na deplasmanda 2-1 yenilen Galatasaray i\u00e7in Antalyaspor ma\u00e7\u0131 b\u00fcy\u00fck \u00f6nem arz ediyor.<\/p>\n<p>Bu ma\u00e7taki oyuncu performanslar\u0131na g\u00f6re teknik direkt\u00f6r <strong>Fatih Terim<\/strong> kafas\u0131nda baz\u0131 isimlerle ilgili nihai karar\u0131n\u0131 verecek ve ara transfer sezonunda tak\u0131mdan baz\u0131 oyuncular\u0131 g\u00f6nderecek. Bu sebeple Galatasarayl\u0131 oyuncular\u0131n bu ma\u00e7ta iyi bir performans ortaya koymas\u0131 bekleniyor.<\/p>\n<p>\u0130ki tak\u0131m aras\u0131nda bug\u00fcne kadar oynanan 56 ma\u00e7\u0131n 33\u2019\u00fcnden Galatasaray\u0131n, 8\u2019inden ise <strong>Antalyaspor\u2019un<\/strong> galip geldi\u011fi g\u00f6r\u00fcl\u00fcyor. Oynanan 15 ma\u00e7 ise beraberlikle sonu\u00e7lanm\u0131\u015f durumda. Bahis \u015firketleri taraf\u0131ndan ma\u00e7a dair verilen oranlar incelendi\u011finde Galatasaray\u2019\u0131n 1,32\u2019lik oranla ma\u00e7\u0131 kazanmas\u0131na garanti g\u00f6z\u00fcyle bak\u0131l\u0131yor.<\/p>\n<p>Antalyaspor tak\u0131m\u0131na verilen galibiyet oran\u0131 ise 5,75. Galatasaray\u2019da Antalyaspor ma\u00e7\u0131 \u00f6ncesinde tam 6 eksik bulunuyor. Ge\u00e7ti\u011fimiz g\u00fcnlerde kadro d\u0131\u015f\u0131 b\u0131rak\u0131lan Nzonzi\u2019den de faydalanamayacak olan Galatasaray\u2019da sakatl\u0131klar\u0131 s\u00fcren Lemina, Marcao ve \u015eener \u00d6zbayrakl\u0131\u2019n\u0131n durumunun ise ma\u00e7 saatinde netlik kazanaca\u011f\u0131 a\u00e7\u0131kland\u0131.<\/p>\n<p>Konuk tak\u0131m Antalyaspor\u2019da ise orta saha oyuncular\u0131 Harun Kavakl\u0131dere ile Charles Fernando sakatl\u0131klar\u0131ndan dolay\u0131 kadroda yer almayacak. Kadro d\u0131\u015f\u0131 b\u0131rak\u0131lan 5 isim ise Galatasaray ma\u00e7\u0131nda yine g\u00f6rev yapamayacak.<\/p>\n<p><strong>Galatasaray ile Antalyaspor<\/strong> aras\u0131nda <strong>T\u00fcrk Telekom Stadyumunda<\/strong> oynanacak ma\u00e7 yar\u0131n ak\u015fam saat 20.00\u2019de ba\u015flayacak. Ma\u00e7\u0131 Abdulkadir Bitigen y\u00f6netecek.<\/p>\n<h2>\u00c7aykur Rize, Fenerbah\u00e7e&#8217;yi Konuk Ediyor!<\/h2>\n<p><img loading=\"lazy\" decoding=\"async\" class=\"alignnone size-full wp-image-704\" src=\"https:\/\/adameksik.com\/blog\/wp-content\/uploads\/2019\/12\/caykur-rize-fenerbahce.jpg\" alt=\"\" width=\"632\" height=\"314\" srcset=\"https:\/\/adameksik.com\/blog\/wp-content\/uploads\/2019\/12\/caykur-rize-fenerbahce.jpg 632w, https:\/\/adameksik.com\/blog\/wp-content\/uploads\/2019\/12\/caykur-rize-fenerbahce-600x298.jpg 600w, https:\/\/adameksik.com\/blog\/wp-content\/uploads\/2019\/12\/caykur-rize-fenerbahce-300x149.jpg 300w\" sizes=\"auto, (max-width: 632px) 100vw, 632px\" \/><\/p>\n<p>S\u00fcper Lig\u2019de sezonun ilk yar\u0131s\u0131n\u0131n son ma\u00e7\u0131 29 Aral\u0131k Pazar g\u00fcn\u00fc <strong>\u00c7aykur Rizespor ile Fenerbah\u00e7e<\/strong> aras\u0131nda oynanacak. Ge\u00e7ti\u011fimiz hafta Be\u015fikta\u015f\u2019\u0131 sahas\u0131nda yenerek puan\u0131n\u0131 28\u2019e y\u00fckselten ve puan durumunda 4. s\u0131raya y\u00fckselen Fenerbah\u00e7e, son ma\u00e7\u0131ndan da 3 puan alarak \u015fampiyonluk potas\u0131nda yoluna devam etmek istiyor.<\/p>\n<p>Kendi evinde iyi futbol sergileyen \u00c7aykur Rizespor\u2019a kar\u015f\u0131 zor bir ma\u00e7a \u00e7\u0131kacak olan Fenerbah\u00e7e tak\u0131m\u0131nda Hasan Ali Kald\u0131r\u0131m, Sad\u0131k \u00c7iftp\u0131nar, Miha Zajc ve Victor Moses\u2019in sakatl\u0131klar\u0131 s\u00fcr\u00fcyor. Serdar Aziz ise sar\u0131 kart cezal\u0131s\u0131 oldu\u011fu i\u00e7in bu ma\u00e7ta forma giyemeyecek.<\/p>\n<p>Ev sahibi \u00c7aykur Rizespor tak\u0131m\u0131nda ise Yan Sasse, Nill De Pauw ve El Kabir sakatl\u0131klar\u0131 sebebiyle, Mykola Morozyuk ise sar\u0131 kart cezas\u0131ndan dolay\u0131 bug\u00fcn ma\u00e7ta forma giyemeyecek.<\/p>\n<p>Daha \u00f6nce 41 kez kar\u015f\u0131la\u015fan iki tak\u0131mdan Fenerbah\u00e7e\u2019nin rakibine 25\u2019e 8\u2019lik bir \u00fcst\u00fcnl\u00fc\u011f\u00fc bulunuyor. Bahis oranlar\u0131nda da <strong>Fenerbah\u00e7e\u2019nin<\/strong> galibiyetine verilen 1.58\u2019lik oran favorinin sar\u0131 lacivertliler oldu\u011funu g\u00f6steriyor.<\/p>\n<p>Sezonun ilk yar\u0131s\u0131n\u0131n ve hatta 2019 y\u0131l\u0131n\u0131n son lig ma\u00e7\u0131 olan \u00c7aykur Rizespor &#8211; Fenerbah\u00e7e m\u00fccadelesi pazar ak\u015fam\u0131 19.00\u2019da ba\u015flayacak. Ma\u00e7\u0131 deneyimli hakem <strong>Halil Umut Meler<\/strong> y\u00f6netecek.<\/p>\n<p><img loading=\"lazy\" decoding=\"async\" class=\"alignnone size-full wp-image-317\" src=\"https:\/\/adameksik.com\/blog\/wp-content\/uploads\/2018\/06\/logo.png\" alt=\"logo\" width=\"242\" height=\"44\" \/><\/p>\n","protected":false},"excerpt":{"rendered":"<p>S\u00fcper Lig\u2019de sezonun ilk yar\u0131s\u0131n\u0131n tamamlanmas\u0131na sadece bir hafta kald\u0131. Bu hafta oynanacak olan 17. hafta m\u00fccadeleleriyle birlikte uzun bir<\/p>\n","protected":false},"author":1,"featured_media":705,"comment_status":"open","ping_status":"open","sticky":false,"template":"","format":"standard","meta":{"footnotes":""},"categories":[15,1],"tags":[205,204,206,207,203],"class_list":["post-701","post","type-post","status-publish","format-standard","has-post-thumbnail","hentry","category-futbol","category-genel","tag-3-buyuklerin-maclari","tag-bu-haftaki-maclar","tag-kiminle-oynuyor","tag-super-lig-maclari","tag-super-lig-yeni-hafta"],"_links":{"self":[{"href":"https:\/\/adameksik.com\/blog\/wp-json\/wp\/v2\/posts\/701","targetHints":{"allow":["GET"]}}],"collection":[{"href":"https:\/\/adameksik.com\/blog\/wp-json\/wp\/v2\/posts"}],"about":[{"href":"https:\/\/adameksik.com\/blog\/wp-json\/wp\/v2\/types\/post"}],"author":[{"embeddable":true,"href":"https:\/\/adameksik.com\/blog\/wp-json\/wp\/v2\/users\/1"}],"replies":[{"embeddable":true,"href":"https:\/\/adameksik.com\/blog\/wp-json\/wp\/v2\/comments?post=701"}],"version-history":[{"count":1,"href":"https:\/\/adameksik.com\/blog\/wp-json\/wp\/v2\/posts\/701\/revisions"}],"predecessor-version":[{"id":706,"href":"https:\/\/adameksik.com\/blog\/wp-json\/wp\/v2\/posts\/701\/revisions\/706"}],"wp:featuredmedia":[{"embeddable":true,"href":"https:\/\/adameksik.com\/blog\/wp-json\/wp\/v2\/media\/705"}],"wp:attachment":[{"href":"https:\/\/adameksik.com\/blog\/wp-json\/wp\/v2\/media?parent=701"}],"wp:term":[{"taxonomy":"category","embeddable":true,"href":"https:\/\/adameksik.com\/blog\/wp-json\/wp\/v2\/categories?post=701"},{"taxonomy":"post_tag","embeddable":true,"href":"https:\/\/adameksik.com\/blog\/wp-json\/wp\/v2\/tags?post=701"}],"curies":[{"name":"wp","href":"https:\/\/api.w.org\/{rel}","templated":true}]}}