{"id":673,"date":"2019-12-20T21:33:46","date_gmt":"2019-12-20T18:33:46","guid":{"rendered":"https:\/\/adameksik.com\/blog\/?p=673"},"modified":"2019-12-20T21:33:46","modified_gmt":"2019-12-20T18:33:46","slug":"super-lig-16-hafta-3-buyuklerin-mac-analizi","status":"publish","type":"post","link":"https:\/\/adameksik.com\/blog\/super-lig-16-hafta-3-buyuklerin-mac-analizi\/","title":{"rendered":"S\u00fcper Lig 16. Hafta 3 B\u00fcy\u00fcklerin Ma\u00e7 Analizi"},"content":{"rendered":"<p><strong> S\u00fcper Lig Cemil Usta Sezonunda<\/strong> ara transfer d\u00f6nemine girilmesine 2 hafta kala zirve yar\u0131\u015f\u0131 bir hayli k\u0131z\u0131\u015ft\u0131. Ge\u00e7ti\u011fimiz hafta evinde <em><strong>Fenerbah\u00e7e\u2019yi<\/strong> <\/em>3-1 ma\u011flup ederek 6 ma\u00e7l\u0131k galibiyet serisi yakalayan <em>Sivasspor<\/em> ligde 33 puanla zirvede bulunuyor.<\/p>\n<p>27 puanl\u0131 tak\u0131mlardan Medipol Ba\u015fak\u015fehir 2. s\u0131rada, Be\u015fikta\u015f ise 3. s\u0131rada yer al\u0131yor. Lig s\u0131ralamas\u0131n\u0131n devam\u0131nda aralar\u0131nda birer puan fark olan <strong><em>Trabzonspor, Fenerbah\u00e7e ve Galatasaray<\/em><\/strong> geliyor.<\/p>\n<h2>Galatasaray &#8211; G\u00f6ztepe ile Kar\u015f\u0131la\u015facak!<\/h2>\n<p><img loading=\"lazy\" decoding=\"async\" class=\"alignnone size-full wp-image-676\" src=\"https:\/\/adameksik.com\/blog\/wp-content\/uploads\/2019\/12\/galatasaray-goztepe.jpg\" alt=\"\" width=\"649\" height=\"364\" srcset=\"https:\/\/adameksik.com\/blog\/wp-content\/uploads\/2019\/12\/galatasaray-goztepe.jpg 649w, https:\/\/adameksik.com\/blog\/wp-content\/uploads\/2019\/12\/galatasaray-goztepe-600x337.jpg 600w, https:\/\/adameksik.com\/blog\/wp-content\/uploads\/2019\/12\/galatasaray-goztepe-300x168.jpg 300w\" sizes=\"auto, (max-width: 649px) 100vw, 649px\" \/><\/p>\n<p>Bu hafta oynanacak olan <strong>S\u00fcper Lig ma\u00e7lar\u0131nda<\/strong> \u00fcst s\u0131ralar\u0131n bir hayli de\u011fi\u015fmesi bekleniyor. Yine birbirinden heyecanl\u0131 ma\u00e7lar\u0131n ve bir de b\u00fcy\u00fck <em>derbinin<\/em> oynanaca\u011f\u0131 S\u00fcper Lig 16. haftas\u0131nda Cumartesi ak\u015fam\u0131 Galatasaray, \u0130zmir\u2019de G\u00f6ztepe deplasman\u0131na \u00e7\u0131kacak.<\/p>\n<p>Ge\u00e7ti\u011fimiz hafta evinde a\u011f\u0131rlad\u0131\u011f\u0131 Ankarag\u00fcc\u00fc tak\u0131m\u0131ndan son dakikalarda 2 gol yiyerek beraberlikle sahadan ayr\u0131lan Galatasaray, <strong>G\u00f6ztepe<\/strong> deplasman\u0131ndan 3 puanla d\u00f6nerek taraftar\u0131na kendisini affettirmek ve \u00fcst s\u0131ralara \u00e7\u0131kmak istiyor. Hafta i\u00e7inde oynanan ve 4-0 kazan\u0131lan Tuzlaspor ma\u00e7\u0131yla morallenen sar\u0131 k\u0131rm\u0131z\u0131l\u0131lar ma\u00e7ta mutlak favori olarak g\u00f6r\u00fcl\u00fcyor.<\/p>\n<p>Galatasaray tak\u0131m\u0131nda en b\u00fcy\u00fck koz olarak sakatl\u0131ktan \u00e7\u0131kan <em><strong>Radamel Falcao<\/strong><\/em> g\u00f6r\u00fcl\u00fcyor. Emre Akbaba, Florin Andone ve Luyindama sakatl\u0131klar\u0131ndan dolay\u0131 sahada yer almayacak. Seri\u2019nin durumu ise hen\u00fcz netlik kazanmad\u0131.<\/p>\n<p>Galatasaray\u2019da kadro d\u0131\u015f\u0131 b\u0131rak\u0131lan Nzonzi de G\u00f6ztepe ma\u00e7\u0131 kadrosunda yer almayacak. G\u00f6ztepe tak\u0131m\u0131nda ise bug\u00fcne kadar 13 ma\u00e7ta forma giyerek 2 gol atm\u0131\u015f olan ba\u015far\u0131l\u0131 defans oyuncusu Berkan Emir sar\u0131 kart cezal\u0131s\u0131 oldu\u011fu i\u00e7in tak\u0131m\u0131n\u0131 yaln\u0131z b\u0131rakacak. Andre Poko ise sakatl\u0131\u011f\u0131ndan dolay\u0131 ma\u00e7\u0131 trib\u00fcnden izleyecek.<\/p>\n<p><em>Bornova Aziz Kocao\u011flu Stadyumunda<\/em> oynanacak ma\u00e7 21 Aral\u0131k Cumartesi ak\u015fam saat 20.00\u2019de ba\u015flayacak. Serkan Tokat\u2019\u0131n y\u00f6netece\u011fi ma\u00e7 <strong>Bein Sports<\/strong> ekranlar\u0131ndan yay\u0131nlanacak.<\/p>\n<h3>Fenerbah\u00e7e &#8211; Be\u015fikta\u015f Derbisi!<\/h3>\n<p><img loading=\"lazy\" decoding=\"async\" class=\"alignnone  wp-image-675\" src=\"https:\/\/adameksik.com\/blog\/wp-content\/uploads\/2019\/12\/fenerbahce-besiktas.jpg\" alt=\"\" width=\"677\" height=\"380\" srcset=\"https:\/\/adameksik.com\/blog\/wp-content\/uploads\/2019\/12\/fenerbahce-besiktas.jpg 700w, https:\/\/adameksik.com\/blog\/wp-content\/uploads\/2019\/12\/fenerbahce-besiktas-600x337.jpg 600w, https:\/\/adameksik.com\/blog\/wp-content\/uploads\/2019\/12\/fenerbahce-besiktas-300x168.jpg 300w\" sizes=\"auto, (max-width: 677px) 100vw, 677px\" \/><\/p>\n<p>S\u00fcper Lig\u2019in 16. haftas\u0131nda Pazar ak\u015fam\u0131 tam bir futbol resitali ya\u015fanacak. Ge\u00e7ti\u011fimiz hafta beklenmeyen puan kay\u0131plar\u0131 ya\u015fayan <strong>Be\u015fikta\u015f ve Fenerbah\u00e7e dev bir derbi<\/strong> ma\u00e7\u0131na \u00e7\u0131kacak. Her iki tak\u0131m\u0131n da hedefi 3 puan kazanman\u0131n yan\u0131nda \u015fampiyonluk yolundaki kar\u015f\u0131 rakibine de puan ald\u0131rmayarak b\u00fcy\u00fck avantaj yakalamak.<\/p>\n<p><em>S\u00fcper Lig<\/em>\u2019de \u015fu anda Be\u015fikta\u015f\u2019\u0131n Fenerbah\u00e7e\u2019den 2 puan fazlas\u0131 bulunuyor ve ligde 3. s\u0131rada yer al\u0131yor. Be\u015fikta\u015f\u2019\u0131n galip gelmesi durumunda bu fark 5\u2019e \u00e7\u0131kacak ve Fenerbah\u00e7e \u015fampiyonluk yar\u0131\u015f\u0131ndan bir hayli uzakla\u015fm\u0131\u015f olacak. Fenerbah\u00e7e\u2019nin kazanmas\u0131 durumunda ise Be\u015fikta\u015f\u2019\u0131n \u00f6n\u00fcne ge\u00e7erek devre aras\u0131na girmeden \u00f6nce bir hayli b\u00fcy\u00fck avantaj yakalayacak.<\/p>\n<p>Pazar ak\u015fam\u0131 19.00\u2019da ba\u015flayacak olan dev derbide iki tak\u0131mda da \u00f6nemli eksikler g\u00f6ze \u00e7arp\u0131yor. Fenerbah\u00e7e\u2019nin oynad\u0131\u011f\u0131 son lig ma\u00e7\u0131nda k\u0131rm\u0131z\u0131 kart g\u00f6ren Garry Rodrigues bu ma\u00e7ta forma giyemeyecek.<\/p>\n<p>Bunun yan\u0131nda sakatl\u0131klar\u0131 s\u00fcren Sad\u0131k \u00c7iftp\u0131nar, Victor Moses ve Miha Zajc de bu ma\u00e7ta forma \u015fans\u0131 bulamayacak. Alman orta saha oyuncusu Max Kruse ve Hasan Ali Kald\u0131r\u0131m\u0131n ise durumu ma\u00e7 saatinde netle\u015fecek.<\/p>\n<p><strong>Be\u015fikta\u015f<\/strong> tak\u0131m\u0131nda ise Dorukhan Tok\u00f6z, Douglas ve Victor Ruiz kesin olarak kadroda yer alamayacak oyuncular. Olduk\u00e7a formda olan Frans\u0131z forvet N\u2019Koudou\u2019nun ise tedavileri devam ediyor ve oynay\u0131p oynamayaca\u011f\u0131 hala kesinlik kazanmam\u0131\u015f durumda.<\/p>\n<p><strong>\u015e\u00fckr\u00fc Sara\u00e7o\u011flu stad\u0131nda<\/strong> oynanacak olan bu dev derbide bahis firmalar\u0131na bak\u0131ld\u0131\u011f\u0131nda ibrenin <strong>Fenerbah\u00e7e\u2019yi<\/strong> g\u00f6sterdi\u011fi a\u00e7\u0131k\u00e7a g\u00f6r\u00fcl\u00fcyor. Fenerbah\u00e7e\u2019nin galibiyetine verilen oran 1.85 olarak belirlenmi\u015f durumda. Be\u015fikta\u015f tak\u0131m\u0131n\u0131n galibiyetine verilen oran ise 2.85.<\/p>\n<p>Ma\u00e7\u0131n \u00fcst\u00fc olarak bitmesine verilen oran\u0131n 1.48 gibi ufak olmas\u0131 ise ma\u00e7\u0131n bol goll\u00fc ge\u00e7mesinin beklendi\u011fini g\u00f6steriyor. <em>C\u00fcneyt \u00c7ak\u0131r<\/em>\u2019\u0131n y\u00f6netece\u011fi ma\u00e7\u0131n sert bir atmosferde ge\u00e7mesi bekleniyor.<\/p>\n<p><img loading=\"lazy\" decoding=\"async\" class=\"alignnone size-full wp-image-317\" src=\"https:\/\/adameksik.com\/blog\/wp-content\/uploads\/2018\/06\/logo.png\" alt=\"logo\" width=\"242\" height=\"44\" \/><\/p>\n","protected":false},"excerpt":{"rendered":"<p>S\u00fcper Lig Cemil Usta Sezonunda ara transfer d\u00f6nemine girilmesine 2 hafta kala zirve yar\u0131\u015f\u0131 bir hayli k\u0131z\u0131\u015ft\u0131. Ge\u00e7ti\u011fimiz hafta evinde<\/p>\n","protected":false},"author":1,"featured_media":674,"comment_status":"open","ping_status":"open","sticky":false,"template":"","format":"standard","meta":{"footnotes":""},"categories":[15,1],"tags":[200,201,197,199,202,198],"class_list":["post-673","post","type-post","status-publish","format-standard","has-post-thumbnail","hentry","category-futbol","category-genel","tag-3-buyuklerde-bu-hafta","tag-3-buyuklerin-maci","tag-fenerbahce-besiktas","tag-galatasaray-maci","tag-kiminle-oynayacak","tag-mac-tahmini"],"_links":{"self":[{"href":"https:\/\/adameksik.com\/blog\/wp-json\/wp\/v2\/posts\/673","targetHints":{"allow":["GET"]}}],"collection":[{"href":"https:\/\/adameksik.com\/blog\/wp-json\/wp\/v2\/posts"}],"about":[{"href":"https:\/\/adameksik.com\/blog\/wp-json\/wp\/v2\/types\/post"}],"author":[{"embeddable":true,"href":"https:\/\/adameksik.com\/blog\/wp-json\/wp\/v2\/users\/1"}],"replies":[{"embeddable":true,"href":"https:\/\/adameksik.com\/blog\/wp-json\/wp\/v2\/comments?post=673"}],"version-history":[{"count":1,"href":"https:\/\/adameksik.com\/blog\/wp-json\/wp\/v2\/posts\/673\/revisions"}],"predecessor-version":[{"id":677,"href":"https:\/\/adameksik.com\/blog\/wp-json\/wp\/v2\/posts\/673\/revisions\/677"}],"wp:featuredmedia":[{"embeddable":true,"href":"https:\/\/adameksik.com\/blog\/wp-json\/wp\/v2\/media\/674"}],"wp:attachment":[{"href":"https:\/\/adameksik.com\/blog\/wp-json\/wp\/v2\/media?parent=673"}],"wp:term":[{"taxonomy":"category","embeddable":true,"href":"https:\/\/adameksik.com\/blog\/wp-json\/wp\/v2\/categories?post=673"},{"taxonomy":"post_tag","embeddable":true,"href":"https:\/\/adameksik.com\/blog\/wp-json\/wp\/v2\/tags?post=673"}],"curies":[{"name":"wp","href":"https:\/\/api.w.org\/{rel}","templated":true}]}}