{"id":660,"date":"2019-11-29T21:05:26","date_gmt":"2019-11-29T18:05:26","guid":{"rendered":"https:\/\/adameksik.com\/blog\/?p=660"},"modified":"2019-11-29T21:05:26","modified_gmt":"2019-11-29T18:05:26","slug":"super-lig-13-hafta-3-buyuklerin-mac-oncesi-durumu","status":"publish","type":"post","link":"https:\/\/adameksik.com\/blog\/super-lig-13-hafta-3-buyuklerin-mac-oncesi-durumu\/","title":{"rendered":"S\u00fcper Lig 13. Hafta 3 B\u00fcy\u00fcklerin Ma\u00e7 \u00d6ncesi Durumu"},"content":{"rendered":"<p><em><strong>S\u00fcper Ligde<\/strong> bu sezon 12 hafta geride kal\u0131rken<\/em>, bu y\u0131l\u0131n fla\u015f ekibi Sivasspor 24 puanla ligde zirvede yer al\u0131yor. Sivasspor\u2019u 22 puanla Trabzonspor takip ederken, Medipol Ba\u015fak\u015fehir \u00fc\u00e7\u00fcnc\u00fc, Fenerbah\u00e7e d\u00f6rd\u00fcnc\u00fc ve Be\u015fikta\u015f be\u015finci s\u0131rada bulunuyor.<\/p>\n<p>S\u00fcper Ligin 13. haftas\u0131nda birbirinden zorlu ve \u00e7eki\u015fmeli ma\u00e7lar oynanacak. Bu hafta \u00fc\u00e7 b\u00fcy\u00fcklerin ilk ma\u00e7\u0131 30 Kas\u0131m 2019 Cumatesi g\u00fcn\u00fc <strong>Fenerbah\u00e7e ile G\u00f6ztepe<\/strong> aras\u0131nda oynanacak.<\/p>\n<h2>G\u00f6ztepe Evinde Fenerbah\u00e7e&#8217;yi Konuk Ediyor!<\/h2>\n<p><img loading=\"lazy\" decoding=\"async\" class=\"alignnone size-full wp-image-663\" src=\"https:\/\/adameksik.com\/blog\/wp-content\/uploads\/2019\/11\/goztepe-fenerbahce-maci.jpg\" alt=\"\" width=\"632\" height=\"314\" srcset=\"https:\/\/adameksik.com\/blog\/wp-content\/uploads\/2019\/11\/goztepe-fenerbahce-maci.jpg 632w, https:\/\/adameksik.com\/blog\/wp-content\/uploads\/2019\/11\/goztepe-fenerbahce-maci-600x298.jpg 600w, https:\/\/adameksik.com\/blog\/wp-content\/uploads\/2019\/11\/goztepe-fenerbahce-maci-300x149.jpg 300w\" sizes=\"auto, (max-width: 632px) 100vw, 632px\" \/><\/p>\n<p><strong>Bornova Aziz Kocao\u011flu Stadyumunda<\/strong> ger\u00e7ekle\u015fecek m\u00fccadelede ge\u00e7ti\u011fimiz hafta Yeni Malatya deplasman\u0131nda gols\u00fcz berabere kalarak 1 puana raz\u0131 olan Fenerbah\u00e7e\u2019nin b\u00fcy\u00fck bir galibiyet motivasyonuyla sahaya \u00e7\u0131kmas\u0131 bekleniyor.<\/p>\n<p>Son 3 ma\u00e7\u0131nda 2 galibiyet ve 1 beraberlik \u00e7\u0131karan G\u00f6ztepe\u2019nin de y\u00fcksek performans\u0131 g\u00f6z \u00f6n\u00fcne al\u0131nd\u0131\u011f\u0131nda bizleri g\u00fczel bir 90 dakikan\u0131n bekledi\u011fi g\u00f6r\u00fcl\u00fcyor. <em>Fenerbah\u00e7e, G\u00f6ztepe deplasman\u0131na<\/em> \u00e7ok \u00f6nemli oyuncular\u0131n eksikli\u011finde gidecek.<\/p>\n<p>Att\u0131\u011f\u0131 11 golle Fenerbah\u00e7e\u2019nin bug\u00fcnk\u00fc y\u00fckseli\u015finin mimar\u0131 olan <strong>Vedat Muri\u00e7<\/strong>\u2019in sakatl\u0131\u011f\u0131yla ilgili olumlu geli\u015fmeler ya\u015fand\u0131. Fakat oyuncunun ilk 11\u2019de oynay\u0131p oynamayaca\u011f\u0131 ma\u00e7 saatinde belli olacak.<\/p>\n<p>\u00d6te yandan defans\u0131n bel kemi\u011fi Isla k\u0131rm\u0131z\u0131 kart cezas\u0131 nedeniyle <em><strong>G\u00f6ztepe ma\u00e7\u0131nda<\/strong><\/em> forma giyemeyecek. Bir di\u011fer forvet oyuncusu Mevl\u00fct Erdin\u00e7\u2019in de sakatl\u0131\u011f\u0131 devam ederken, haftalard\u0131r sakatl\u0131kla m\u00fccadele eden Max Kruse bu ma\u00e7a yeti\u015ftirilmeye \u00e7al\u0131\u015f\u0131l\u0131yor.<\/p>\n<p>G\u00f6ztepe tak\u0131m\u0131nda ise Fenerbah\u00e7e ma\u00e7\u0131 \u00f6ncesinde herhangi bir sakatl\u0131k durumu ya da cezal\u0131 oyuncu bulunmuyor. <strong>Fenerbah\u00e7e ile G\u00f6ztepe aras\u0131nda oynanan ma\u00e7lar<\/strong> incelendi\u011finde sar\u0131 lacivertlilerin 24-10 gibi bir galibiyet \u00fcst\u00fcnl\u00fc\u011f\u00fc bulunuyor.<\/p>\n<p>\u0130ki tak\u0131m aras\u0131ndaki <em>son kar\u015f\u0131la\u015fma<\/em> 1 \u015eubat 2019 tarihinde oynanm\u0131\u015f ve Fenerbah\u00e7e kendi evinde G\u00f6ztepe\u2019yi 2-0 ma\u011flup etmi\u015fti. Cumartesi ak\u015fam\u0131 saat 20.00\u2019de ba\u015flayacak m\u00fccadeleyi <em><strong>Abdulkadir Bitigen<\/strong><\/em> y\u00f6netecek.<\/p>\n<p>Pazar g\u00fcn\u00fc ise S\u00fcper Ligde \u00e7ok \u00f6nemli bir ma\u00e7 bizleri bekliyor. Pazar ak\u015fam\u0131 saat 19.00\u2019da <strong>Trabzonspor ile Galatasaray<\/strong> aras\u0131nda oynanacak m\u00fccadelede b\u00fcy\u00fck bir \u00e7eki\u015fmeye sahne olacak.<\/p>\n<h3>Trabzonspor &#8211; Galatasaray Derbisi!<\/h3>\n<p><img loading=\"lazy\" decoding=\"async\" class=\"alignnone size-full wp-image-664\" src=\"https:\/\/adameksik.com\/blog\/wp-content\/uploads\/2019\/11\/trabzonspor-galatasaray-maci.jpg\" alt=\"\" width=\"650\" height=\"325\" srcset=\"https:\/\/adameksik.com\/blog\/wp-content\/uploads\/2019\/11\/trabzonspor-galatasaray-maci.jpg 650w, https:\/\/adameksik.com\/blog\/wp-content\/uploads\/2019\/11\/trabzonspor-galatasaray-maci-600x300.jpg 600w, https:\/\/adameksik.com\/blog\/wp-content\/uploads\/2019\/11\/trabzonspor-galatasaray-maci-300x150.jpg 300w\" sizes=\"auto, (max-width: 650px) 100vw, 650px\" \/><\/p>\n<p>Hafta i\u00e7inde evinde a\u011f\u0131rlad\u0131\u011f\u0131 Getafe tak\u0131m\u0131na kar\u015f\u0131 gen\u00e7 oyuncular\u0131ndan kurulu kadrosuyla iyi bir oyun ortaya koyan Trabzonspor kendi evinde bir\u00e7ok eksi\u011fi bulunan ve formsuz <em>Galatasaray kar\u015f\u0131s\u0131nda favori<\/em> olarak g\u00f6r\u00fcl\u00fcyor.<\/p>\n<p>Trabzonspor \u015fu anda 22 puanla <strong>S\u00fcper Ligde<\/strong> ikinci s\u0131rada yer al\u0131yor. Lider Sivasspor\u2019un bu hafta puan kaybetmesi durumunda 3 puan Trabzonspor\u2019u zirveye \u00e7\u0131karacak. Galatasaray ise bu sezon ligde oynad\u0131\u011f\u0131 12 ma\u00e7\u0131n sadece 5\u2019inden galip ayr\u0131ld\u0131.<\/p>\n<p>Son olarak Sal\u0131 g\u00fcn\u00fc evinde <strong>Club Brugge<\/strong> tak\u0131m\u0131yla son dakikalarda gelen gol sebebiyle 1-1 berabere kalarak <em>UEFA Avrupa Ligine kalma<\/em> yolunda da umutlar\u0131n\u0131 zay\u0131flatan Galatasaray, Trabzon\u2019a bir\u00e7ok oyuncusundan yoksun olarak gidecek.<\/p>\n<p>Trabzonspor tak\u0131m\u0131nda <strong>Abdulkadir \u00d6m\u00fcr<\/strong> menisk\u00fcs probleminden dolay\u0131, Abdulkadir Parmak k\u0131rm\u0131z\u0131 kart cezal\u0131s\u0131 oldu\u011fu i\u00e7in ve Filip Novak adale y\u0131rt\u0131\u011f\u0131 sebebiyle Pazar ak\u015fam\u0131 dev kar\u015f\u0131la\u015fmada forma giyemeyecek.<\/p>\n<p>Galatasaray tak\u0131m\u0131nda ise forvet hatt\u0131nda g\u00f6rev yapan <em><strong>Radamel Falcao<\/strong> <\/em>ve Andone\u2019nin yan\u0131 s\u0131ra Luyindama, Babel ve Emre Akbaba da tak\u0131mda yer alamayacak. Trabzonspor ile Galatasaray aras\u0131ndaki m\u00fccadeleyi tecr\u00fcbeli hakem <strong>Ali Palab\u0131y\u0131k<\/strong> y\u00f6netecek.<\/p>\n<p>S\u00fcper Ligin 12. haftas\u0131n\u0131n kapan\u0131\u015f ma\u00e7\u0131 ise 1 Aral\u0131k Pazar g\u00fcn\u00fc <strong>Vodafone Park Stadyumunda Be\u015fikta\u015f ile Kayserispor<\/strong> aras\u0131nda oynanacak.<\/p>\n<h3>Be\u015fikta\u015f Evinde Kayserispor&#8217;u A\u011f\u0131rlayacak!<\/h3>\n<p><img loading=\"lazy\" decoding=\"async\" class=\"alignnone size-full wp-image-662\" src=\"https:\/\/adameksik.com\/blog\/wp-content\/uploads\/2019\/11\/besiktas-kayserispor.jpg\" alt=\"\" width=\"632\" height=\"314\" srcset=\"https:\/\/adameksik.com\/blog\/wp-content\/uploads\/2019\/11\/besiktas-kayserispor.jpg 632w, https:\/\/adameksik.com\/blog\/wp-content\/uploads\/2019\/11\/besiktas-kayserispor-600x298.jpg 600w, https:\/\/adameksik.com\/blog\/wp-content\/uploads\/2019\/11\/besiktas-kayserispor-300x149.jpg 300w\" sizes=\"auto, (max-width: 632px) 100vw, 632px\" \/><\/p>\n<p>Avrupa Liginde ilk 4 ma\u00e7\u0131n\u0131 da kaybeden fakat son haftalarda olduk\u00e7a iyi bir form yakalayan Be\u015fikta\u015f, d\u00fcn ak\u015fam a\u011f\u0131rlad\u0131\u011f\u0131 <strong>Slovan Bratislava\u2019y\u0131<\/strong> son dakikalarda buldu\u011fu penalt\u0131yla 2-1 yenerek moral depolad\u0131.<\/p>\n<p><em>Kayserispor<\/em> ise ligin en moralsiz tak\u0131m\u0131 olarak g\u00f6ze \u00e7arp\u0131yor. Oynad\u0131\u011f\u0131 12 lig ma\u00e7\u0131ndan yaln\u0131zca 1 kez galip ayr\u0131lan ve ligin dibine demir atan Kayserispor\u2019un bu ma\u00e7tan puan almas\u0131 beklenmiyor.<\/p>\n<p>S\u00fcper Ligde oynad\u0131\u011f\u0131 son 4 ma\u00e7\u0131yla birlikte ge\u00e7ti\u011fimiz g\u00fcn oynad\u0131\u011f\u0131 UEFA Avrupa Ligi ma\u00e7\u0131n\u0131 da kazanan Be\u015fikta\u015f tak\u0131m\u0131nda <strong>Victor Ruiz, Dorukhan Tok\u00f6z ve Douglas<\/strong> gibi \u00f6nemli oyuncular sakatl\u0131klar\u0131 dolay\u0131s\u0131yla kadroda yer almayacak.<\/p>\n<p>Kayserispor tak\u0131m\u0131nda ise tam 9 oyuncu \u00e7e\u015fitli nedenlerle ma\u00e7ta g\u00f6rev almayacak. Kayserispor tak\u0131m\u0131n\u0131n bu sezon ligde att\u0131\u011f\u0131 11 gol\u00fcn 6\u2019s\u0131n\u0131 kaydeden <strong>Bilal Ba\u015fac\u0131ko\u011flu<\/strong> ile birlikte orta saha oyuncusu Adryan ve forvet oyuncusu Paul-Georges Ntep ge\u00e7ti\u011fimiz hafta oynanan Sivasspor ma\u00e7\u0131nda taraftarla diyalo\u011fa girmi\u015f ve sonras\u0131nda kul\u00fcp taraf\u0131ndan kadro d\u0131\u015f\u0131 b\u0131rak\u0131lm\u0131\u015ft\u0131.<\/p>\n<p>Bu oyuncular\u0131ndan da mahrum kalan Kayserispor\u2019u Be\u015fikta\u015f kar\u015f\u0131s\u0131nda zorlu bir 90 dakika bekliyor olacak. Be\u015fikta\u015f ile Kayserispor aras\u0131nda oynanacak m\u00fccadele saat 20.00\u2019de ba\u015flayacak ve <em><strong>Bein Sports<\/strong><\/em> ekranlar\u0131ndan naklen yay\u0131nlanacak.<\/p>\n<p><img loading=\"lazy\" decoding=\"async\" class=\"alignnone size-full wp-image-317\" src=\"https:\/\/adameksik.com\/blog\/wp-content\/uploads\/2018\/06\/logo.png\" alt=\"logo\" width=\"242\" height=\"44\" \/><\/p>\n","protected":false},"excerpt":{"rendered":"<p>S\u00fcper Ligde bu sezon 12 hafta geride kal\u0131rken, bu y\u0131l\u0131n fla\u015f ekibi Sivasspor 24 puanla ligde zirvede yer al\u0131yor. Sivasspor\u2019u<\/p>\n","protected":false},"author":1,"featured_media":661,"comment_status":"open","ping_status":"open","sticky":false,"template":"","format":"standard","meta":{"footnotes":""},"categories":[15,1],"tags":[189,191,146,147,190,192,188,187],"class_list":["post-660","post","type-post","status-publish","format-standard","has-post-thumbnail","hentry","category-futbol","category-genel","tag-13-hafta-maclari","tag-besiktas","tag-fenerbahce","tag-galatasaray","tag-kim-kiminle-oynayacak","tag-lider-kim","tag-super-lig-13-hafta","tag-super-ligde-kim-lider"],"_links":{"self":[{"href":"https:\/\/adameksik.com\/blog\/wp-json\/wp\/v2\/posts\/660","targetHints":{"allow":["GET"]}}],"collection":[{"href":"https:\/\/adameksik.com\/blog\/wp-json\/wp\/v2\/posts"}],"about":[{"href":"https:\/\/adameksik.com\/blog\/wp-json\/wp\/v2\/types\/post"}],"author":[{"embeddable":true,"href":"https:\/\/adameksik.com\/blog\/wp-json\/wp\/v2\/users\/1"}],"replies":[{"embeddable":true,"href":"https:\/\/adameksik.com\/blog\/wp-json\/wp\/v2\/comments?post=660"}],"version-history":[{"count":1,"href":"https:\/\/adameksik.com\/blog\/wp-json\/wp\/v2\/posts\/660\/revisions"}],"predecessor-version":[{"id":665,"href":"https:\/\/adameksik.com\/blog\/wp-json\/wp\/v2\/posts\/660\/revisions\/665"}],"wp:featuredmedia":[{"embeddable":true,"href":"https:\/\/adameksik.com\/blog\/wp-json\/wp\/v2\/media\/661"}],"wp:attachment":[{"href":"https:\/\/adameksik.com\/blog\/wp-json\/wp\/v2\/media?parent=660"}],"wp:term":[{"taxonomy":"category","embeddable":true,"href":"https:\/\/adameksik.com\/blog\/wp-json\/wp\/v2\/categories?post=660"},{"taxonomy":"post_tag","embeddable":true,"href":"https:\/\/adameksik.com\/blog\/wp-json\/wp\/v2\/tags?post=660"}],"curies":[{"name":"wp","href":"https:\/\/api.w.org\/{rel}","templated":true}]}}