{"id":639,"date":"2019-11-10T12:44:55","date_gmt":"2019-11-10T09:44:55","guid":{"rendered":"https:\/\/adameksik.com\/blog\/?p=639"},"modified":"2019-11-10T12:46:51","modified_gmt":"2019-11-10T09:46:51","slug":"hali-saha-maci-yapmak-istiyorum","status":"publish","type":"post","link":"https:\/\/adameksik.com\/blog\/hali-saha-maci-yapmak-istiyorum\/","title":{"rendered":"Hal\u0131 Saha Ma\u00e7\u0131 Yapmak \u0130stiyorum!"},"content":{"rendered":"<p><a href=\"https:\/\/adameksik.com\/blog\">Adam Eksik Blog<\/a>&#8216; dan herkese merhabalar. Yine bir hafta sonunda daha keyifli bir <strong>futbol blog<\/strong> yaz\u0131s\u0131 ile birlikteyiz. Blogumuzda yer verdi\u011fimiz yaz\u0131lar\u0131m\u0131z\u0131n okuyucular\u0131n ho\u015funa gitmesi ve onlara faydal\u0131 olmas\u0131 en b\u00fcy\u00fck ama\u00e7lar\u0131m\u0131zdan birisidir.<\/p>\n<p>Bu nedenle her yaz\u0131 ba\u015fl\u0131\u011f\u0131n\u0131 \u00f6zenle se\u00e7iyor ve ba\u015fl\u0131\u011f\u0131n hakk\u0131n\u0131 verecek makaleler yay\u0131nl\u0131yoruz. \u00d6zellikle bir <em>futbol ma\u00e7\u0131n\u0131n<\/em> temel unsurlar\u0131 olan <a href=\"https:\/\/adameksik.com\/blog\/futbol-aleminin-temel-unsurlarindan-biri-saha\/\">futbol sahas\u0131<\/a> ve <a href=\"https:\/\/adameksik.com\/blog\/futbol-aleminin-olmazsa-olmazi-futbol-toplari\/\">futbol topu<\/a> ile ilgili yaz\u0131lar\u0131m\u0131z\u0131 okuman\u0131z\u0131 tavsiye ederiz.<\/p>\n<p>Bu makalemiz de ise yine <em><strong>hal\u0131 saha ma\u00e7\u0131 yapmay\u0131 seven<\/strong><\/em> erkeklerin i\u00e7lerinden gelen sese kulak verece\u011fiz; <em>hal\u0131 saha ma\u00e7\u0131 yapmak istiyorum<\/em>! Bu a\u015famaya gelmi\u015f olan hal\u0131 saha tutkununun, art\u0131k yapacak son \u015feyi hayk\u0131rmakt\u0131r.<\/p>\n<p>\u00c7\u00fcnk\u00fc o, mahallesinden, akrabalar\u0131ndan, arkada\u015f \u00e7evresinden, sosyal medyadan veya farkl\u0131 di\u011fer mecralardan hal\u0131 saha ma\u00e7\u0131 yapmak i\u00e7in bir tak\u0131m bulamam\u0131\u015ft\u0131r.<\/p>\n<h2>Hal\u0131 Saha Ma\u00e7\u0131 \u0130\u00e7in Tak\u0131m Ar\u0131yorum<\/h2>\n<p><img loading=\"lazy\" decoding=\"async\" class=\"size-full wp-image-644\" src=\"https:\/\/adameksik.com\/blog\/wp-content\/uploads\/2019\/11\/hali-saha-maci-icin-takim.jpg\" alt=\"hali-saha-maci-icin-takim\" width=\"600\" height=\"449\" srcset=\"https:\/\/adameksik.com\/blog\/wp-content\/uploads\/2019\/11\/hali-saha-maci-icin-takim.jpg 600w, https:\/\/adameksik.com\/blog\/wp-content\/uploads\/2019\/11\/hali-saha-maci-icin-takim-300x225.jpg 300w\" sizes=\"auto, (max-width: 600px) 100vw, 600px\" \/><\/p>\n<p>Ne kendisini dahil edebilece\u011fi haz\u0131r bir tak\u0131m bulabilmi\u015f ne de ba\u015ftan olu\u015fturabilece\u011fi yeni bir tak\u0131m kurabilmi\u015ftir.<\/p>\n<p>Buna en b\u00fcy\u00fck etken de \u00e7evresinde veya <strong>futbol oyuncusu<\/strong> arad\u0131\u011f\u0131 farkl\u0131 platformlarda yeteri say\u0131da <em>hal\u0131 saha oyuncusu<\/em> olmamas\u0131d\u0131r. Ama belli bir kesim bu problemi \u00e7oktan \u00e7\u00f6zm\u00fc\u015f durumda.<\/p>\n<p>Yani onlar art\u0131k T\u00fcrkiye&#8217;de herhangi bir ilden istedikleri say\u0131da hal\u0131 saha oyuncusu bulabiliyor ve <strong>ma\u00e7lar\u0131na adam eksik<\/strong> olmuyor. Bu belirtti\u011fimiz kesim, bir zamanlar <em>hal\u0131 saha ma\u00e7\u0131 yapmak<\/em> istediklerinde ayda y\u0131lda ancak bir ma\u00e7 yapabilirken, \u015fuan haftada 2-3 ma\u00e7 yapabiliyorlar. Ve sorunlar\u0131n\u0131 <strong>Adam Eksik<\/strong> ile \u00e7\u00f6zd\u00fcler.<\/p>\n<p>Tabi ki bu adrese yani <a href=\"https:\/\/adameksik.com\/\">adameksik.com<\/a> adresine ilk defa giriyorsan\u0131z konuya pek hakim olamam\u0131\u015f olabilirsiniz. K\u0131saca <strong>Adam Eksik<\/strong>, hal\u0131 saha ma\u00e7\u0131n\u0131za istedi\u011finiz kadar oyuncu bulabilece\u011finiz bir platformdur. Biz kendimizi \u015f\u00f6yle tan\u0131ml\u0131yoruz; <em>hal\u0131 saha oyuncu bulma sitesi, hal\u0131 saha oyuncular\u0131n\u0131n sosyal medyas\u0131 veya hal\u0131 saha oyuncu fabrikas\u0131<\/em>!<\/p>\n<p>San\u0131r\u0131m art\u0131k konuya biraz daha hakim oldunuz. \ud83d\ude42 Evet arkada\u015flar, e\u011fer hal\u0131 saha ma\u00e7\u0131 yapmak istiyorsan\u0131z yapman\u0131z gereken tek \u015fey <a href=\"https:\/\/adameksik.com\/kayit-ol\/\">buradan<\/a> siteye kay\u0131t olmak.<\/p>\n<p>Daha sonra isterseniz site i\u00e7erisindeki oyuncularla kendinize yeni tak\u0131m kurabilir, var olan tak\u0131mlardan birine girebilir veya bir payla\u015f\u0131m yaparak di\u011fer oyuncular\u0131n size ula\u015farak ma\u00e7lar\u0131na \u00e7a\u011f\u0131rmalar\u0131n\u0131 sa\u011flayabilirsiniz.<\/p>\n<p>Yani k\u0131sacas\u0131 kay\u0131t olduktan sonra kendinizi her an bir hal\u0131 saha ma\u00e7\u0131nda bulabilirsiniz! Siz de\u011ferli hal\u0131 saha oyuncular\u0131 ve futbol tutkunlar\u0131 i\u00e7in haz\u0131rlad\u0131\u011f\u0131m\u0131z bir makalenin daha sonuna geldik. Bir sonraki makalemizde g\u00f6r\u00fc\u015fmek dile\u011fiyle..<\/p>\n<p><img loading=\"lazy\" decoding=\"async\" class=\"alignnone size-full wp-image-317\" src=\"https:\/\/adameksik.com\/blog\/wp-content\/uploads\/2018\/06\/logo.png\" alt=\"logo\" width=\"242\" height=\"44\" \/><\/p>\n","protected":false},"excerpt":{"rendered":"<p>Adam Eksik Blog&#8216; dan herkese merhabalar. Yine bir hafta sonunda daha keyifli bir futbol blog yaz\u0131s\u0131 ile birlikteyiz. Blogumuzda yer<\/p>\n","protected":false},"author":1,"featured_media":640,"comment_status":"open","ping_status":"open","sticky":false,"template":"","format":"standard","meta":{"footnotes":""},"categories":[15,11],"tags":[45,170,169],"class_list":["post-639","post","type-post","status-publish","format-standard","has-post-thumbnail","hentry","category-futbol","category-halisaha","tag-hali-saha-takimi-bul","tag-hali-sahada-oynamak-istiyorum","tag-mac-yapmak-isteyenler"],"_links":{"self":[{"href":"https:\/\/adameksik.com\/blog\/wp-json\/wp\/v2\/posts\/639","targetHints":{"allow":["GET"]}}],"collection":[{"href":"https:\/\/adameksik.com\/blog\/wp-json\/wp\/v2\/posts"}],"about":[{"href":"https:\/\/adameksik.com\/blog\/wp-json\/wp\/v2\/types\/post"}],"author":[{"embeddable":true,"href":"https:\/\/adameksik.com\/blog\/wp-json\/wp\/v2\/users\/1"}],"replies":[{"embeddable":true,"href":"https:\/\/adameksik.com\/blog\/wp-json\/wp\/v2\/comments?post=639"}],"version-history":[{"count":6,"href":"https:\/\/adameksik.com\/blog\/wp-json\/wp\/v2\/posts\/639\/revisions"}],"predecessor-version":[{"id":647,"href":"https:\/\/adameksik.com\/blog\/wp-json\/wp\/v2\/posts\/639\/revisions\/647"}],"wp:featuredmedia":[{"embeddable":true,"href":"https:\/\/adameksik.com\/blog\/wp-json\/wp\/v2\/media\/640"}],"wp:attachment":[{"href":"https:\/\/adameksik.com\/blog\/wp-json\/wp\/v2\/media?parent=639"}],"wp:term":[{"taxonomy":"category","embeddable":true,"href":"https:\/\/adameksik.com\/blog\/wp-json\/wp\/v2\/categories?post=639"},{"taxonomy":"post_tag","embeddable":true,"href":"https:\/\/adameksik.com\/blog\/wp-json\/wp\/v2\/tags?post=639"}],"curies":[{"name":"wp","href":"https:\/\/api.w.org\/{rel}","templated":true}]}}