{"id":612,"date":"2019-04-20T10:05:48","date_gmt":"2019-04-20T07:05:48","guid":{"rendered":"https:\/\/adameksik.com\/blog\/?p=612"},"modified":"2019-04-20T10:05:58","modified_gmt":"2019-04-20T07:05:58","slug":"avrupa-kupalarinda-sona-dogru","status":"publish","type":"post","link":"https:\/\/adameksik.com\/blog\/avrupa-kupalarinda-sona-dogru\/","title":{"rendered":"Avrupa Kupalar\u0131nda Sona Do\u011fru"},"content":{"rendered":"<p>Merhaba de\u011ferli okurlar bu hafta \u015eampiyonlar Ligi ve Uefa ma\u00e7lar\u0131n\u0131n k\u0131sa bir de\u011ferlendirmesini yapaca\u011f\u0131z.<\/p>\n<h2>Uefada Frankfurt s\u00fcrprizi<\/h2>\n<p><img loading=\"lazy\" decoding=\"async\" class=\"alignnone size-full wp-image-614\" src=\"https:\/\/adameksik.com\/blog\/wp-content\/uploads\/2019\/04\/frankfurt-uefa-cup.jpg\" alt=\"frankfurt-uefa-cup\" width=\"500\" height=\"281\" srcset=\"https:\/\/adameksik.com\/blog\/wp-content\/uploads\/2019\/04\/frankfurt-uefa-cup.jpg 500w, https:\/\/adameksik.com\/blog\/wp-content\/uploads\/2019\/04\/frankfurt-uefa-cup-300x169.jpg 300w\" sizes=\"auto, (max-width: 500px) 100vw, 500px\" \/><\/p>\n<p><strong><em>Uefa Avrupa liginde \u00e7eyrek final<\/em><\/strong> ikinci ma\u00e7lar\u0131 geride kal\u0131rken yar\u0131 finalistler belli oldu. Sonu\u00e7lar ve yar\u0131 final e\u015fle\u015fmeleri \u015fu \u015fekilde ;<\/p>\n<ul>\n<li>Valencia 2-0 Villereal<\/li>\n<li>Eintracht Frankfurt 2-0 Benfica<\/li>\n<li>Napoli 0-1 Arsenal<\/li>\n<li>Chelsea 4-3 Slavia Prag<\/li>\n<\/ul>\n<p>Bu sonu\u00e7lardan sonra yar\u0131 finalde ;<\/p>\n<p>Arsenal &#8211; Valencia ve <strong>Frankfurt &#8211; Chelsea<\/strong> kar\u015f\u0131la\u015fmalar\u0131 oynanacak.<\/p>\n<p>Benfica &#8211; Frankfurt ma\u00e7\u0131 d\u0131\u015f\u0131nda ilk ma\u00e7\u0131 kazanan t\u00fcm tak\u0131mlar ikinci ma\u00e7lar\u0131n\u0131 da kazanarak nispeten rahat galibiyetler ald\u0131lar ve yar\u0131 finale y\u00fckseldiler. Portekiz de alman ekibi Frankfurt&#8217;u 4-2 ile ge\u00e7en Benfica Almanya&#8217;daki ma\u00e7ta gol bulamazken kalesinde iki gol g\u00f6rd\u00fc ve kupan\u0131n s\u00fcrpriz tak\u0131m\u0131 Frankfurt bir \u00fcst tura y\u00fckseldi.<\/p>\n<p>Ba\u015ftan sona \u00e7eki\u015fmeli ge\u00e7en ma\u00e7ta rakibinin kanat ak\u0131nlar\u0131na izin vermeyen ve iyi bir savunma anlay\u0131\u015f\u0131 olu\u015fturan Frankfurt, kupan\u0131n favorilerden biri olan ve \u00f6nceki turda temsilcimiz Galatasaray&#8217;\u0131 elemi\u015f olan Benfica&#8217;y\u0131 kupan\u0131n d\u0131\u015f\u0131na itti.<\/p>\n<p>Bakal\u0131m yar\u0131 finalde kupan\u0131n bir di\u011fer favorisi olan Chelsea kar\u015f\u0131s\u0131nda bir s\u00fcrprize daha imza atabilecek mi. Kupa 2&#8217;de bu sene <strong>\u015eampiyonlar Ligi<\/strong> kadar futbol kalitesi y\u00fcksek ge\u00e7iyor, yar\u0131 finalde de g\u00fczel ma\u00e7lar seyredece\u011fiz anla\u015f\u0131lan.<\/p>\n<h3>Tarihe tan\u0131kl\u0131k etti\u011fimiz bir ma\u00e7\u0131 geride b\u0131rakt\u0131k &#8220;M.City &#8211; Tottenham&#8221;<\/h3>\n<p><img loading=\"lazy\" decoding=\"async\" class=\"alignnone size-full wp-image-615\" src=\"https:\/\/adameksik.com\/blog\/wp-content\/uploads\/2019\/04\/city-tottenham.jpg\" alt=\"city-tottenham\" width=\"500\" height=\"262\" srcset=\"https:\/\/adameksik.com\/blog\/wp-content\/uploads\/2019\/04\/city-tottenham.jpg 500w, https:\/\/adameksik.com\/blog\/wp-content\/uploads\/2019\/04\/city-tottenham-300x157.jpg 300w, https:\/\/adameksik.com\/blog\/wp-content\/uploads\/2019\/04\/city-tottenham-390x205.jpg 390w\" sizes=\"auto, (max-width: 500px) 100vw, 500px\" \/><\/p>\n<p>\u015eampiyonlar liginde de k\u0131ran k\u0131rana ge\u00e7en <em>\u00e7eyrek final ikinci ma\u00e7lar\u0131n\u0131n<\/em> ard\u0131ndan sonu\u00e7lar ve yar\u0131 final e\u015fle\u015fmeleri \u015fu \u015fekilde;<\/p>\n<ul>\n<li>Juventus 1-2 Ajax<\/li>\n<li>Barcelona 3-0 M.United<\/li>\n<li>M.City 4-3 Tottenham<\/li>\n<li>Porto 1-4 Liverpool<\/li>\n<li>Yar\u0131 final e\u015fle\u015fmeleri ;<\/li>\n<li>Tottenham &#8211; Ajax<\/li>\n<li>Barcelona &#8211; Liverpool<\/li>\n<\/ul>\n<p>Avrupan\u0131n en b\u00fcy\u00fck kul\u00fcpler m\u00fccadelesinde Psg, R.Madrid gibi g\u00fc\u00e7l\u00fc tak\u0131mlar\u0131n elenmesinin ard\u0131ndan iki favori tak\u0131m daha kupaya veda etti. M.City ve Juventus.<\/p>\n<p>\u0130talyada y\u0131llard\u0131r lige ambargo koymu\u015f olan Juventus, \u00fc\u00e7 senedir kupay\u0131 kazanan R.Madrid&#8217;in y\u0131ld\u0131z oyuncusu Ronaldo&#8217;yu kadrosuna katarak kazanabilece\u011fi en b\u00fcy\u00fck kupay\u0131 da kazanmak i\u00e7in her \u015feyin yeterli oldu\u011funu d\u00fc\u015f\u00fcnd\u00fc.<\/p>\n<p>Ve bir \u00f6nceki turda A.Madrid kar\u015f\u0131s\u0131nda da Ronaldo sayesinde turu ge\u00e7meyi ba\u015fard\u0131 ama bu turda rakipleri R.Madrid&#8217;i saf d\u0131\u015f\u0131 b\u0131rakm\u0131\u015f olan kupan\u0131n fla\u015f ekibi Ajax&#8217;t\u0131.<\/p>\n<p>Gen\u00e7 oyuncular\u0131 daha \u015fimdiden bir\u00e7ok kul\u00fcb\u00fcn transfer listesinde olan ve avrupan\u0131n devlerini dize getiren hollanda ekol\u00fcn\u00fcn temsilcisi italyada adeta bir futbol dersi verdi ve g\u00fc\u00e7l\u00fc rakibi kar\u015f\u0131s\u0131nda turu ge\u00e7en taraf oldu.<\/p>\n<p>Kupan\u0131n di\u011fer bir g\u00fc\u00e7l\u00fc temsilcisi Guardiola&#8217;n\u0131n ekibi M.City di\u011fer bir \u0130ngiliz ekibi Tottenham ile kendi sahas\u0131nda kar\u015f\u0131la\u015ft\u0131. Ma\u00e7\u0131 izlemeyenler i\u00e7in \u00f6zellikle belirtmek gerekir ki b\u00f6yle ola\u011fan\u00fcst\u00fc bir ma\u00e7\u0131 belki de uzun zamand\u0131r izlememi\u015ftik.<\/p>\n<p>Ma\u00e7\u0131n hen\u00fcz onuncu dakikas\u0131n\u0131 geride b\u0131rak\u0131rken 2-2 olan ma\u00e7 tempo ve pozisyon a\u00e7\u0131s\u0131ndan muhte\u015fem bir oyuna sahne oldu. Son dakikalara girilirken 4-3 \u00f6nde olan City uzatma dakikalar\u0131nda buldu\u011fu golle sevince bo\u011fuldu zira turu ge\u00e7mesi i\u00e7in bir gol daha gerekiyordu.<\/p>\n<p>Ancak ma\u00e7\u0131n hakemi <strong>C\u00fcneyt \u00c7ak\u0131r<\/strong> gol\u00fcn ard\u0131ndan VAR odas\u0131 ile temasa ge\u00e7ti ve gol\u00fcn ofsayt oldu\u011funa h\u00fckmetti.<\/p>\n<p>Be\u015finci gol\u00fc iptal edilen City bu sonu\u00e7la tura veda etmi\u015f oldu ancak \u015funu s\u00f6ylememiz gerekir ki oynad\u0131\u011f\u0131 futbolla bize m\u00fcthi\u015f bir seyir zevki ya\u015fatt\u0131lar ve bunda gelmi\u015f ge\u00e7mi\u015f en iyi teknik direkt\u00f6rler aras\u0131nda g\u00f6sterilen Guardiola&#8217;n\u0131n pay\u0131 b\u00fcy\u00fck.<\/p>\n<p><em><strong>Salah&#8217;l\u0131 Liverpool<\/strong><\/em> kendi evinde yendi\u011fi portoyu deplasmanda kolay bir galibiyetle ge\u00e7ti ve T\u00fcrkiye&#8217;de di\u011fer Avrupa tak\u0131mlar\u0131na g\u00f6re nispeten fazla olan taraftarlar\u0131n\u0131 mutlu etti (:<\/p>\n<p>Messi \u00f6nderli\u011finde ki Barcelona, Manu kar\u015f\u0131s\u0131nda g\u00fczel futbol ve \u00fc\u00e7 golle tura uzanan taraf oldu. Futbol severler Messi&#8217;nin bir kez daha kalitesini g\u00f6sterdi\u011fi ma\u00e7ta muhte\u015fem goller izledi. G\u00f6r\u00fcnen o ki messi oldu\u011fu s\u00fcrece kupan\u0131n her zaman favorisi olmaya da devam edecekler.<\/p>\n<p>De\u011ferli <strong><a href=\"https:\/\/adameksik.com\">Adam Eksik<\/a><\/strong> ailesi bu hafta ligimizden biraz uzak kalarak Avrupa ma\u00e7lar\u0131n\u0131 de\u011ferlendirmek istedik, umar\u0131z ilerleyen y\u0131llarda bu turlarda temsilcilerimizden birini de g\u00f6rerek daha heyecanl\u0131 zamanlar ge\u00e7iririz, \u015fimdilik ho\u015f\u00e7a kal\u0131n.<\/p>\n<p><img loading=\"lazy\" decoding=\"async\" class=\"alignnone size-full wp-image-317\" src=\"https:\/\/adameksik.com\/blog\/wp-content\/uploads\/2018\/06\/logo.png\" alt=\"logo\" width=\"242\" height=\"44\" \/><\/p>\n","protected":false},"excerpt":{"rendered":"<p>Merhaba de\u011ferli okurlar bu hafta \u015eampiyonlar Ligi ve Uefa ma\u00e7lar\u0131n\u0131n k\u0131sa bir de\u011ferlendirmesini yapaca\u011f\u0131z. Uefada Frankfurt s\u00fcrprizi Uefa Avrupa liginde<\/p>\n","protected":false},"author":3,"featured_media":613,"comment_status":"open","ping_status":"open","sticky":false,"template":"","format":"standard","meta":{"footnotes":""},"categories":[15,1],"tags":[152,151,153,154],"class_list":["post-612","post","type-post","status-publish","format-standard","has-post-thumbnail","hentry","category-futbol","category-genel","tag-sampiyonlar-ligi","tag-uefa","tag-uefa-finale-kalanlar","tag-yari-final"],"_links":{"self":[{"href":"https:\/\/adameksik.com\/blog\/wp-json\/wp\/v2\/posts\/612","targetHints":{"allow":["GET"]}}],"collection":[{"href":"https:\/\/adameksik.com\/blog\/wp-json\/wp\/v2\/posts"}],"about":[{"href":"https:\/\/adameksik.com\/blog\/wp-json\/wp\/v2\/types\/post"}],"author":[{"embeddable":true,"href":"https:\/\/adameksik.com\/blog\/wp-json\/wp\/v2\/users\/3"}],"replies":[{"embeddable":true,"href":"https:\/\/adameksik.com\/blog\/wp-json\/wp\/v2\/comments?post=612"}],"version-history":[{"count":1,"href":"https:\/\/adameksik.com\/blog\/wp-json\/wp\/v2\/posts\/612\/revisions"}],"predecessor-version":[{"id":616,"href":"https:\/\/adameksik.com\/blog\/wp-json\/wp\/v2\/posts\/612\/revisions\/616"}],"wp:featuredmedia":[{"embeddable":true,"href":"https:\/\/adameksik.com\/blog\/wp-json\/wp\/v2\/media\/613"}],"wp:attachment":[{"href":"https:\/\/adameksik.com\/blog\/wp-json\/wp\/v2\/media?parent=612"}],"wp:term":[{"taxonomy":"category","embeddable":true,"href":"https:\/\/adameksik.com\/blog\/wp-json\/wp\/v2\/categories?post=612"},{"taxonomy":"post_tag","embeddable":true,"href":"https:\/\/adameksik.com\/blog\/wp-json\/wp\/v2\/tags?post=612"}],"curies":[{"name":"wp","href":"https:\/\/api.w.org\/{rel}","templated":true}]}}