{"id":607,"date":"2019-04-16T13:19:58","date_gmt":"2019-04-16T10:19:58","guid":{"rendered":"https:\/\/adameksik.com\/blog\/?p=607"},"modified":"2019-04-16T13:20:07","modified_gmt":"2019-04-16T10:20:07","slug":"geleneksel-kadikoy-derbisi","status":"publish","type":"post","link":"https:\/\/adameksik.com\/blog\/geleneksel-kadikoy-derbisi\/","title":{"rendered":"Geleneksel Kad\u0131k\u00f6y Derbisi"},"content":{"rendered":"<p>Merhaba de\u011ferli okurlar s\u00fcper ligde 28.haftay\u0131 geride b\u0131rakt\u0131k. Cumartesi g\u00fcn\u00fc Dolmabah\u00e7e&#8217;de oynanan ma\u00e7ta <em>Be\u015fikta\u015f sahas\u0131nda lider Ba\u015fak\u015fehir<\/em>&#8216;i konuk etti. Dengeli ba\u015flayan oyunda gol\u00fc bulan taraf Robinho&#8217;nun aya\u011f\u0131ndan gelen golle <strong>Ba\u015fak\u015fehir<\/strong> oldu.<\/p>\n<p>Ancak ilerleyen dakikalarda <strong>Be\u015fikta\u015f<\/strong> vites artt\u0131rd\u0131 ve \u00f6nce Atiba&#8217;n\u0131n sonra da Burak Y\u0131lmaz&#8217;\u0131n gol\u00fc ile \u00f6ne ge\u00e7ti. 2-1 den sonra Ba\u015fak\u015fehir pozisyon \u00fcretmekte zorlan\u0131nca arad\u0131\u011f\u0131 gol\u00fc bulamad\u0131 ve kar\u015f\u0131la\u015fma Be\u015fikta\u015f&#8217;\u0131n 2-1&#8217;lik galibiyeti ile sonu\u00e7land\u0131.<\/p>\n<p>Bu sonucun ard\u0131ndan g\u00f6zler derbi ma\u00e7\u0131na \u00e7evrildi. Zira liderin kaybetti\u011fi ma\u00e7tan sonra <strong><em>puan fark\u0131<\/em><\/strong> 6&#8217;da kald\u0131 ve art\u0131k ipler Galatasaray&#8217;\u0131n elindeydi. \u0130\u015fte bu moral ve psikoloji ile <em><strong>Galatasaray<\/strong> <\/em>y\u0131llard\u0131r Kad\u0131k\u00f6y&#8217;de yenemedi\u011fi rakibine konuk oluyordu.<\/p>\n<p>\u015eampiyonluk \u015fans\u0131 kalan t\u00fcm ma\u00e7lar\u0131n\u0131 kazanmas\u0131 halinde kendi elinde olan Galatasaray adeta bir final ma\u00e7\u0131na \u00e7\u0131kacakt\u0131 belki de. Tarihinin en k\u00f6t\u00fc sezonunu ya\u015fayan <strong><em>Fenerbah\u00e7e<\/em><\/strong> ise bu sezon mutlu edemedi\u011fi taraftar\u0131n\u0131 ezeli rakibini yenerek mutlu etmek istiyordu.<\/p>\n<p>\u0130ki tak\u0131m da genel anlamda beklenen 11 leri ile sahaya \u00e7\u0131kt\u0131. Galatasaray da cezal\u0131 olan savunma ikilisi Marcao ve Luyindama d\u0131\u015f\u0131nda eksik yoktu. Sol bekte uzun s\u00fcredir sakatl\u0131k ya\u015fayan Nagatomoda ilk 11 de yoktu. Savunman\u0131n g\u00f6be\u011finde semih kaya ve donka \u015fans veren fatih terim sol bekte linnesi kullanmay\u0131 tercih etti.<\/p>\n<h2>&#8211; Kritik hakem kararlar\u0131<\/h2>\n<p><img loading=\"lazy\" decoding=\"async\" class=\"alignnone size-full wp-image-609\" src=\"https:\/\/adameksik.com\/blog\/wp-content\/uploads\/2019\/04\/fenerbahce-galatasaray-hakem.jpg\" alt=\"fenerbahce-galatasaray-hakem\" width=\"500\" height=\"456\" srcset=\"https:\/\/adameksik.com\/blog\/wp-content\/uploads\/2019\/04\/fenerbahce-galatasaray-hakem.jpg 500w, https:\/\/adameksik.com\/blog\/wp-content\/uploads\/2019\/04\/fenerbahce-galatasaray-hakem-300x274.jpg 300w\" sizes=\"auto, (max-width: 500px) 100vw, 500px\" \/><\/p>\n<p>Kar\u015f\u0131la\u015fman\u0131n ilk dakikalar\u0131ndan itibaren oyun \u00fcst\u00fcnl\u00fc\u011f\u00fcn\u00fc ele ge\u00e7iren taraf Galatasaray oldu. Topla oynama y\u00fczdesinde bu \u00fcst\u00fcnl\u00fck ciddi bir \u015fekilde g\u00f6z\u00fck\u00fcyordu fakat Galatasaray pozisyon \u00fcretmekte zorlan\u0131yor \u00fcretti\u011fi pozisyonlar\u0131 da tehlikeye d\u00f6n\u00fc\u015ft\u00fcremiyordu.<\/p>\n<p>Devrenin sonlar\u0131na do\u011fru Diagne&#8217;yi tehlikeli noktada gole giderken d\u00fc\u015f\u00fcrd\u00fc\u011f\u00fc i\u00e7in <strong>Hasan Ali Kald\u0131r\u0131m k\u0131rm\u0131z\u0131 kart<\/strong> g\u00f6rd\u00fc ve tak\u0131m\u0131n\u0131 10 ki\u015fi b\u0131rakt\u0131. Soyunma odas\u0131na giderken Belhanda sar\u0131 kart\u0131 oldu\u011fu i\u00e7in bir kart daha g\u00f6rme ihtimalinden endi\u015feleniyor ve oyundan \u00e7\u0131kmak istiyordu.<\/p>\n<p>\u0130kinci yar\u0131da <em>Belhandas\u0131z Galatasaray<\/em> rakip yar\u0131 saha da top \u00e7evirmeye ve yatay paslarla oynamaya devam ederken Fenerbah\u00e7e bir h\u0131zl\u0131 atak \u015fans\u0131 yakal\u0131yor, ataktan bir sonu\u00e7 alam\u0131yor ama Skrtel bu pozisyonda hafif bir sakatl\u0131k ge\u00e7irip d\u0131\u015far\u0131 al\u0131nd\u0131ktan sonra oyuna ba\u015flayan Galatasaray o anda 9 ki\u015fi oynayan rakibi kar\u015f\u0131s\u0131nda <strong>Onyekuru&#8217;nun<\/strong> kafas\u0131ndan gol\u00fc buldu ve \u00f6ne ge\u00e7ti.<\/p>\n<p>Yakla\u015f\u0131k be\u015f dakika sonra <strong><em>Fenerbah\u00e7e tart\u0131\u015fmal\u0131 bir golle<\/em><\/strong> beraberli\u011fi yakalad\u0131. Feghouli&#8217;ye yap\u0131lan faul verilmedi ve ata\u011f\u0131n sonunda Fenerbah\u00e7e&#8217;nin gol\u00fc geldi. <em>Ma\u00e7 1-1<\/em> lik sonu\u00e7la tamamland\u0131.<\/p>\n<p>Ma\u00e7 sonu <strong>Fatih Terim hakem Ali Palab\u0131y\u0131k<\/strong>&#8216;a ate\u015f p\u00fcsk\u00fcrd\u00fc ve farkl\u0131 galip ayr\u0131lacaklar\u0131 bir ma\u00e7tan iki puan kaybederek d\u00f6nd\u00fcklerini s\u00f6yledi. Bu sonucun ard\u0131ndan liderle puan fark\u0131n\u0131 be\u015fe indiren Galatasaray umutlar\u0131n\u0131 sonraki haftalara ta\u015f\u0131d\u0131.<\/p>\n<p>\u0130zninizle bu noktada birka\u00e7 konu hakk\u0131nda kendi yorumumu yazmak istiyorum. Biraz \u00f6ncede yazm\u0131\u015f oldu\u011fum gibi Fenerbah\u00e7e&#8217;nin gol\u00fcnden \u00f6nce ya\u015fanan faul benim de\u011fil herkesin yorumu oldu\u011fu i\u00e7in bu \u015fekilde yazd\u0131m.<\/p>\n<p>Fakat rakibi 10 ki\u015fi oynayan, tarihinin en k\u00f6t\u00fc sezonunu ge\u00e7iren, \u015fampiyonluk yolunda belki de d\u00f6n\u00fcm noktas\u0131 olan bir ma\u00e7\u0131 kazanmay\u0131 b\u0131rak\u0131n ceza sahas\u0131na girmekte zorlan\u0131yorsa bir tak\u0131m bence b\u0131rak\u0131n o faul de verilmemi\u015f sonunda gol olmu\u015f olsun.<\/p>\n<p>\u00c7\u00fcnk\u00fc futbolun biraz olsun adaleti varsa art\u0131k hakem hatalar\u0131na ba\u015fka fakt\u00f6rlere s\u0131\u011f\u0131nmak yerine futbolunu geli\u015ftiren ve daha iyi oynayan bir tak\u0131m \u015fampiyon olur.<\/p>\n<p>Son olarak bilmeyenler olabilir ma\u00e7tan sonra <em><strong>Galatasarayl\u0131 Sinan G\u00fcm\u00fc\u015f<\/strong><\/em> taraftarlar hakk\u0131nda \u0131rk\u00e7\u0131 bir dil kullanm\u0131\u015f ve bu sabah instagram hesab\u0131ndan \u00f6z\u00fcr dilemi\u015ftir.<\/p>\n<p>Sinan G\u00fcm\u00fc\u015f konusunda karar\u0131 belki resmi olarak y\u00f6netim verecek ama toplum olarak hepimiz vicdan\u0131m\u0131z\u0131 ve kulland\u0131\u011f\u0131m\u0131z dili sorgulama konusunda bir f\u0131rsat yakalam\u0131\u015f oluruz umar\u0131m.<\/p>\n<p>Son sosyal mesaj\u0131mdan sonra sizlere bu hafta da veda edebiliriz (: Daha heyecanl\u0131 haftalarda g\u00f6r\u00fc\u015fmek \u00fczere de\u011ferli <a href=\"https:\/\/adameksik.com\">Adam Eksik<\/a> ailesi.<\/p>\n<p><img loading=\"lazy\" decoding=\"async\" class=\"alignnone size-full wp-image-317\" src=\"https:\/\/adameksik.com\/blog\/wp-content\/uploads\/2018\/06\/logo.png\" alt=\"logo\" width=\"242\" height=\"44\" \/><\/p>\n","protected":false},"excerpt":{"rendered":"<p>Merhaba de\u011ferli okurlar s\u00fcper ligde 28.haftay\u0131 geride b\u0131rakt\u0131k. Cumartesi g\u00fcn\u00fc Dolmabah\u00e7e&#8217;de oynanan ma\u00e7ta Be\u015fikta\u015f sahas\u0131nda lider Ba\u015fak\u015fehir&#8216;i konuk etti. Dengeli<\/p>\n","protected":false},"author":3,"featured_media":608,"comment_status":"open","ping_status":"open","sticky":false,"template":"","format":"standard","meta":{"footnotes":""},"categories":[15],"tags":[150,148,149,146,147,102],"class_list":["post-607","post","type-post","status-publish","format-standard","has-post-thumbnail","hentry","category-futbol","tag-1-1-skor","tag-ali-palabiyik","tag-derbi-maci","tag-fenerbahce","tag-galatasaray","tag-hakem-hatasi"],"_links":{"self":[{"href":"https:\/\/adameksik.com\/blog\/wp-json\/wp\/v2\/posts\/607","targetHints":{"allow":["GET"]}}],"collection":[{"href":"https:\/\/adameksik.com\/blog\/wp-json\/wp\/v2\/posts"}],"about":[{"href":"https:\/\/adameksik.com\/blog\/wp-json\/wp\/v2\/types\/post"}],"author":[{"embeddable":true,"href":"https:\/\/adameksik.com\/blog\/wp-json\/wp\/v2\/users\/3"}],"replies":[{"embeddable":true,"href":"https:\/\/adameksik.com\/blog\/wp-json\/wp\/v2\/comments?post=607"}],"version-history":[{"count":1,"href":"https:\/\/adameksik.com\/blog\/wp-json\/wp\/v2\/posts\/607\/revisions"}],"predecessor-version":[{"id":610,"href":"https:\/\/adameksik.com\/blog\/wp-json\/wp\/v2\/posts\/607\/revisions\/610"}],"wp:featuredmedia":[{"embeddable":true,"href":"https:\/\/adameksik.com\/blog\/wp-json\/wp\/v2\/media\/608"}],"wp:attachment":[{"href":"https:\/\/adameksik.com\/blog\/wp-json\/wp\/v2\/media?parent=607"}],"wp:term":[{"taxonomy":"category","embeddable":true,"href":"https:\/\/adameksik.com\/blog\/wp-json\/wp\/v2\/categories?post=607"},{"taxonomy":"post_tag","embeddable":true,"href":"https:\/\/adameksik.com\/blog\/wp-json\/wp\/v2\/tags?post=607"}],"curies":[{"name":"wp","href":"https:\/\/api.w.org\/{rel}","templated":true}]}}