{"id":560,"date":"2019-03-16T12:52:09","date_gmt":"2019-03-16T09:52:09","guid":{"rendered":"https:\/\/adameksik.com\/blog\/?p=560"},"modified":"2019-03-16T12:53:14","modified_gmt":"2019-03-16T09:53:14","slug":"futbolda-yasanan-son-gelismeler","status":"publish","type":"post","link":"https:\/\/adameksik.com\/blog\/futbolda-yasanan-son-gelismeler\/","title":{"rendered":"Futbolda Ya\u015fanan Son Geli\u015fmeler"},"content":{"rendered":"<p>Merhaba yine yo\u011fun bir hafta geride kald\u0131. Hem lig hem de <strong>\u015eampiyonlar Ligi ma\u00e7lar\u0131na<\/strong> k\u0131saca bir g\u00f6z atal\u0131m ard\u0131ndan hafta aras\u0131 yine g\u00fcndeme ta\u015f\u0131nan yabanc\u0131 kural\u0131 meselesine dair bir giri\u015f yapal\u0131m.<\/p>\n<h2>&#8211; \u015eampiyonlar Liginde bu defa s\u00fcrpriz yok<\/h2>\n<p><img loading=\"lazy\" decoding=\"async\" class=\"alignnone size-full wp-image-562\" src=\"https:\/\/adameksik.com\/blog\/wp-content\/uploads\/2019\/03\/sampiyonlar-ligi-kurasi.jpg\" alt=\"sampiyonlar-ligi-kurasi\" width=\"600\" height=\"337\" srcset=\"https:\/\/adameksik.com\/blog\/wp-content\/uploads\/2019\/03\/sampiyonlar-ligi-kurasi.jpg 600w, https:\/\/adameksik.com\/blog\/wp-content\/uploads\/2019\/03\/sampiyonlar-ligi-kurasi-300x169.jpg 300w\" sizes=\"auto, (max-width: 600px) 100vw, 600px\" \/><\/p>\n<p>\u015eampiyonlar ligi son 16 m\u00fccadelelerinde ilk oynanan ma\u00e7lar b\u00fcy\u00fck s\u00fcrprizlere sahne olurken son oynanan d\u00f6rt ma\u00e7ta ise favori tak\u0131mlar kazand\u0131. <strong>Bayern M\u00fcnih &#8211; Liverpool<\/strong> kar\u015f\u0131la\u015fmas\u0131nda benim favorim Liverpool oldu\u011fu i\u00e7in Almanya&#8217;da ma\u00e7\u0131 3-1 kazanan ve turu ge\u00e7en Liverpool&#8217;u da s\u00fcrpriz saym\u0131yorum (:<\/p>\n<p>\u0130lk ma\u00e7ta Londra&#8217;da yo\u011fun ya\u011fmur alt\u0131nda oynanan ma\u00e7ta gol sesi \u00e7\u0131kmazken ma\u00e7\u0131 izleyen \u00e7o\u011fu insan\u0131n ortak g\u00f6r\u00fc\u015f\u00fc Liverpool&#8217;un ikinci ma\u00e7ta daha \u00fcst\u00fcn taraf olaca\u011f\u0131yd\u0131 ve \u00f6yle de oldu. Salah \u00f6nderli\u011finde <em>Liverpool \u00e7eyrek finale y\u00fckselerek<\/em> Porto ile e\u015fle\u015fti.<\/p>\n<p>Gecenin en rahat ma\u00e7\u0131 hi\u00e7 \u015f\u00fcphesiz \u0130ngiltere&#8217;deki <strong>Manchester City &#8211; Schalke<\/strong> ma\u00e7\u0131 oldu. Galatasaray&#8217;\u0131n bulundu\u011fu gruptan \u00e7\u0131kan Schalke g\u00fc\u00e7l\u00fc rakibi kar\u015f\u0131s\u0131nda bir varl\u0131k g\u00f6steremedi ve ilk yar\u0131da \u00e7\u00f6z\u00fcld\u00fc. Ma\u00e7 sonunda \u0130ngiliz ekibi sahadan <em>7-0<\/em> ile ayr\u0131l\u0131rken bir ba\u015fka \u0130ngiliz ekibi Tottenham ile e\u015fle\u015fti.<\/p>\n<p>\u0130spanyada ise her zamanki gibi bir <strong><em>Messi klasi\u011fi<\/em><\/strong> ya\u015fand\u0131 hem asistleriyle hem golleriyle ma\u00e7a damgas\u0131n\u0131 vuran y\u0131ld\u0131z oyuncu, tak\u0131m\u0131n\u0131n ma\u00e7\u0131 Frans\u0131z ekibi Lyon kar\u015f\u0131s\u0131nda 5-1 kazanmas\u0131nda en \u00f6nemli rol\u00fc oynad\u0131 ve \u00e7eyrek finalde yine bir <em>Frans\u0131z tak\u0131m\u0131 Psg&#8217;yi elemi\u015f<\/em> olan Manchester United ile e\u015fle\u015fti.<\/p>\n<p>\u015eimdi herkesin merakla bekledi\u011fi ma\u00e7a gelelim. <strong>Juventus ilk ma\u00e7ta<\/strong> \u0130spanya&#8217;da Atletico Madrid \u00f6n\u00fcnde 2-0 ma\u011flup olurken t\u00fcm g\u00f6zler y\u0131ld\u0131z oyuncu Ronaldo&#8217;ya \u00e7evrilmi\u015f ve Real Madrid&#8217;den gittikten sonra bu seneki ilk Avrupa maceras\u0131 buraya kadar m\u0131 kadar m\u0131 diye d\u00fc\u015f\u00fcnd\u00fcrtt\u00fc hepimize.<\/p>\n<p>Fakat Ronaldo ikinci ma\u00e7ta adeta bo\u015funa efsane olmad\u0131\u011f\u0131n\u0131 bir kez daha ispatlarcas\u0131na <em>\u00fc\u00e7 gol birden atarak<\/em> tak\u0131m\u0131n\u0131 \u00e7eyrek finale ta\u015f\u0131d\u0131. Ma\u00e7 sonunda <strong>Atletico teknik direkt\u00f6r\u00fc Simone<\/strong>&#8216;nin ilk ma\u00e7ta yapt\u0131\u011f\u0131 bir <em>hareketi yapan Ronaldo<\/em> cevab\u0131n\u0131 \u00fc\u00e7 golle vererek r\u00f6van\u015f\u0131 alm\u0131\u015f oldu ve bir \u00fcst turda Ajax&#8217;\u0131n rakibi oldu.<\/p>\n<p>\u015eampiyonlar liginde <em>son 16 ma\u00e7lar\u0131<\/em> geride kal\u0131rken \u00e7eyrek final heyecan\u0131n\u0131 hep birlikte merakla bekliyoruz.<\/p>\n<h3>&#8211; S\u00fcper Ligde lider kay\u0131ps\u0131z devam dedi<\/h3>\n<p><img loading=\"lazy\" decoding=\"async\" class=\"alignnone size-full wp-image-563\" src=\"https:\/\/adameksik.com\/blog\/wp-content\/uploads\/2019\/03\/super-lig-lideri.jpg\" alt=\"super-lig-lideri\" width=\"600\" height=\"315\" srcset=\"https:\/\/adameksik.com\/blog\/wp-content\/uploads\/2019\/03\/super-lig-lideri.jpg 600w, https:\/\/adameksik.com\/blog\/wp-content\/uploads\/2019\/03\/super-lig-lideri-300x158.jpg 300w, https:\/\/adameksik.com\/blog\/wp-content\/uploads\/2019\/03\/super-lig-lideri-390x205.jpg 390w\" sizes=\"auto, (max-width: 600px) 100vw, 600px\" \/><\/p>\n<p>T\u00fcrkiye S\u00fcper Liginde <strong>lider Ba\u015fak\u015fehir<\/strong> bu sezon k\u00f6t\u00fc g\u00fcnler ge\u00e7iren Fenerbah\u00e7e kar\u015f\u0131s\u0131nda \u00e7ok etkili bir futbolla oyuna ba\u015flayamad\u0131 ancak bitime yedi dakika kala buldu\u011fu golle rakibini 2-1 ma\u011flup etmeyi ba\u015fard\u0131.<\/p>\n<p>Bu sonucun ard\u0131ndan Galatasaray ma\u00e7\u0131 hen\u00fcz oynanmam\u0131\u015fken <em>puan fark\u0131n\u0131 da 11 e \u00e7\u0131kararak<\/em> b\u00fcy\u00fck moral buldu. Lideri en yak\u0131n takip eden Galatasaray ise evinde Antalyaspor&#8217;u konuk etti.<\/p>\n<p>Muslera&#8217;n\u0131n devle\u015fti\u011fi, Diagne&#8217;nin penalt\u0131 d\u0131\u015f\u0131nda ilk kez gol att\u0131\u011f\u0131 ma\u00e7ta Galatasaray rakip filelere tam be\u015f gol g\u00f6ndererek sahadan 5-0 galip ayr\u0131ld\u0131 ve puan fark\u0131n\u0131 tekrar sekize indirdi.<\/p>\n<p>Her ne kadar \u015fampiyonluk \u015fans\u0131 \u00e7ok azalm\u0131\u015f olsa da matematiksel olarak \u015fans\u0131 devam eden ve bir yandan da ikincilik m\u00fccadelesi veren Be\u015fikta\u015f ise sahas\u0131nda Konyaspor&#8217;u konuk etti.<\/p>\n<p>Trib\u00fcnlerin <strong>\u015eenol G\u00fcne\u015f protesto<\/strong> ile ba\u015flayan ma\u00e7ta Be\u015fikta\u015f ma\u00e7 boyu rakibine g\u00f6re \u00fcst\u00fcn olan taraft\u0131 ancak bu oyun skora bu \u015fekilde yans\u0131mad\u0131 ve 90+3&#8217;e girilirken durum 2-2 idi.<\/p>\n<p>Be\u015fikta\u015f&#8217;\u0131n <em>Japon y\u0131ld\u0131z\u0131 Kagawa<\/em> ma\u00e7\u0131n son dakikas\u0131nda sahneye \u00e7\u0131kt\u0131 ve tak\u0131m\u0131n\u0131 galibiyete ta\u015f\u0131yan gol\u00fc att\u0131. Kara kartal bu sonu\u00e7la \u00fc\u00e7\u00fcnc\u00fc s\u0131radaki yerini korudu.<\/p>\n<p>Ligimizin alt s\u0131ralar\u0131 ilerleyen haftalarda \u015fampiyonluk yar\u0131\u015f\u0131nda oldu\u011fu gibi hatta daha da fazla bir \u00e7eki\u015fmeye sahne olacak ama alt s\u0131ralar\u0131n de\u011ferlendirmesini gelecek haftalarda yapaca\u011f\u0131z.<\/p>\n<h3>&#8211; Bitmeyen yabanc\u0131 kural\u0131 tart\u0131\u015fmas\u0131<\/h3>\n<p><img loading=\"lazy\" decoding=\"async\" class=\"alignnone size-full wp-image-564\" src=\"https:\/\/adameksik.com\/blog\/wp-content\/uploads\/2019\/03\/yeni-yabanci-kurali.jpg\" alt=\"yeni-yabanci-kurali\" width=\"600\" height=\"304\" srcset=\"https:\/\/adameksik.com\/blog\/wp-content\/uploads\/2019\/03\/yeni-yabanci-kurali.jpg 600w, https:\/\/adameksik.com\/blog\/wp-content\/uploads\/2019\/03\/yeni-yabanci-kurali-300x152.jpg 300w\" sizes=\"auto, (max-width: 600px) 100vw, 600px\" \/><\/p>\n<p>T\u00fcrkiye de son y\u0131llar\u0131n hi\u00e7 bitmeyen bir tart\u0131\u015fmas\u0131 <strong>yabanc\u0131 kural\u0131<\/strong> konusu yeniden g\u00fcndeme geldi ge\u00e7ti\u011fimiz hafta. Bu konu asl\u0131nda burada iki sat\u0131rla ge\u00e7ilecek gibi de\u011fil o y\u00fczden daha detayl\u0131ca daha sonra tekrar de\u011finece\u011fiz.<\/p>\n<p>Ancak \u015f\u00f6yle bir \u00f6zet ge\u00e7mek gerekirse, \u015fu an <em>14 yerli zorunlulu\u011fu<\/em> diye bildi\u011fimiz bir ba\u015fka deyi\u015fle de <strong>14 yabanc\u0131<\/strong> diye haf\u0131zalarda olan bu kural, TFF&#8217;nin sezon sonu <em><strong>6+2+2<\/strong><\/em> olarak kural\u0131 de\u011fi\u015ftirece\u011fi s\u00f6ylentisinin \u00e7\u0131kmas\u0131yla yeniden en \u00f6ne \u00e7\u0131kan g\u00fcndemlerden biri oldu.<\/p>\n<p>Ama\u00e7lanan \u015feyin T\u00fcrk futbolcular\u0131n\u0131n yeterince zengin olamad\u0131\u011f\u0131 m\u0131 yoksa sadece \u0130stiklal Mar\u015f\u0131 okunmas\u0131 i\u00e7in bir revizyona gidilmesi mi bilemiyorum (:<\/p>\n<p>Ama akla mant\u0131\u011fa s\u0131\u011fmayan bu durum hakk\u0131nda bir a\u00e7\u0131klama yap\u0131lana dek bekleyip daha sonra tart\u0131\u015fmak en do\u011frusu olacak. \u015eimdilik ho\u015f\u00e7a kal\u0131n sevgili <strong><a href=\"http:\/\/adameksik.com\">Adam Eksik<\/a><\/strong> ailesi bir sonraki yaz\u0131m\u0131zda g\u00f6r\u00fc\u015fmek dile\u011fiyle.<\/p>\n<p><img loading=\"lazy\" decoding=\"async\" class=\"alignnone size-full wp-image-317\" src=\"https:\/\/adameksik.com\/blog\/wp-content\/uploads\/2018\/06\/logo.png\" alt=\"logo\" width=\"242\" height=\"44\" \/><\/p>\n","protected":false},"excerpt":{"rendered":"<p>Merhaba yine yo\u011fun bir hafta geride kald\u0131. Hem lig hem de \u015eampiyonlar Ligi ma\u00e7lar\u0131na k\u0131saca bir g\u00f6z atal\u0131m ard\u0131ndan hafta<\/p>\n","protected":false},"author":3,"featured_media":561,"comment_status":"open","ping_status":"open","sticky":false,"template":"","format":"standard","meta":{"footnotes":""},"categories":[15,1],"tags":[115,114,113,117,116,120,118,119],"class_list":["post-560","post","type-post","status-publish","format-standard","has-post-thumbnail","hentry","category-futbol","category-genel","tag-sampiyonlar-ligi-finale-kalan-takimlar","tag-sampiyonlar-ligi-kura-sonucu","tag-sampiyonlar-ligi-son-durum","tag-super-lig-liderlik-hesaplamasi","tag-super-ligde-son-durum","tag-takimda-kac-yabanci-olabilir","tag-yabanci-kurali-ne-oldu","tag-yeni-yabanci-kurali"],"_links":{"self":[{"href":"https:\/\/adameksik.com\/blog\/wp-json\/wp\/v2\/posts\/560","targetHints":{"allow":["GET"]}}],"collection":[{"href":"https:\/\/adameksik.com\/blog\/wp-json\/wp\/v2\/posts"}],"about":[{"href":"https:\/\/adameksik.com\/blog\/wp-json\/wp\/v2\/types\/post"}],"author":[{"embeddable":true,"href":"https:\/\/adameksik.com\/blog\/wp-json\/wp\/v2\/users\/3"}],"replies":[{"embeddable":true,"href":"https:\/\/adameksik.com\/blog\/wp-json\/wp\/v2\/comments?post=560"}],"version-history":[{"count":2,"href":"https:\/\/adameksik.com\/blog\/wp-json\/wp\/v2\/posts\/560\/revisions"}],"predecessor-version":[{"id":566,"href":"https:\/\/adameksik.com\/blog\/wp-json\/wp\/v2\/posts\/560\/revisions\/566"}],"wp:featuredmedia":[{"embeddable":true,"href":"https:\/\/adameksik.com\/blog\/wp-json\/wp\/v2\/media\/561"}],"wp:attachment":[{"href":"https:\/\/adameksik.com\/blog\/wp-json\/wp\/v2\/media?parent=560"}],"wp:term":[{"taxonomy":"category","embeddable":true,"href":"https:\/\/adameksik.com\/blog\/wp-json\/wp\/v2\/categories?post=560"},{"taxonomy":"post_tag","embeddable":true,"href":"https:\/\/adameksik.com\/blog\/wp-json\/wp\/v2\/tags?post=560"}],"curies":[{"name":"wp","href":"https:\/\/api.w.org\/{rel}","templated":true}]}}