{"id":527,"date":"2019-02-25T15:48:16","date_gmt":"2019-02-25T12:48:16","guid":{"rendered":"https:\/\/adameksik.com\/blog\/?p=527"},"modified":"2019-02-25T15:50:32","modified_gmt":"2019-02-25T12:50:32","slug":"futbolda-siyaset","status":"publish","type":"post","link":"https:\/\/adameksik.com\/blog\/futbolda-siyaset\/","title":{"rendered":"Futbolda Siyaset"},"content":{"rendered":"<p>Futbolda siyaset var m\u0131 yok mu diye herkes zaten yeterince konu\u015fuyordur, ben burada sadece g\u00f6zden ka\u00e7anlar\u0131 yazmak istedim ve t\u00fcm yazacaklar\u0131m bu ba\u011flamda olacakt\u0131r.<\/p>\n<p><strong>Futbolda siyaset<\/strong> ba\u015fl\u0131\u011f\u0131 atmam\u0131n en b\u00fcy\u00fck sebebi <em>futbolun b\u00fcy\u00fck bir end\u00fcstri haline gelmesini<\/em> konu\u015faca\u011f\u0131m\u0131z yerde futbolun i\u00e7inde siyaseti konu\u015fuyor olmam\u0131z bir ba\u015fka deyi\u015fle bu konudaki yorumum meseleyi biraz tersinden okumak oldu\u011fu i\u00e7in bu ba\u015fl\u0131k daha do\u011fru olacakt\u0131r diye d\u00fc\u015f\u00fcnd\u00fcm.<\/p>\n<h2>Kral\u0131n tak\u0131m\u0131 Ba\u015fak\u015fehir<\/h2>\n<p><img loading=\"lazy\" decoding=\"async\" class=\"alignnone  wp-image-530\" src=\"https:\/\/adameksik.com\/blog\/wp-content\/uploads\/2019\/02\/basaksehir-kimin-takimi-1024x726.jpg\" alt=\"basaksehir-kimin-takimi\" width=\"588\" height=\"417\" srcset=\"https:\/\/adameksik.com\/blog\/wp-content\/uploads\/2019\/02\/basaksehir-kimin-takimi-1024x726.jpg 1024w, https:\/\/adameksik.com\/blog\/wp-content\/uploads\/2019\/02\/basaksehir-kimin-takimi-600x425.jpg 600w, https:\/\/adameksik.com\/blog\/wp-content\/uploads\/2019\/02\/basaksehir-kimin-takimi-300x213.jpg 300w, https:\/\/adameksik.com\/blog\/wp-content\/uploads\/2019\/02\/basaksehir-kimin-takimi-768x544.jpg 768w, https:\/\/adameksik.com\/blog\/wp-content\/uploads\/2019\/02\/basaksehir-kimin-takimi.jpg 1920w\" sizes=\"auto, (max-width: 588px) 100vw, 588px\" \/><\/p>\n<p>Son yaz\u0131da kral\u0131n tak\u0131m\u0131 Ba\u015fak\u015fehir tabirini neden kulland\u0131\u011f\u0131m\u0131 da burada yazaca\u011f\u0131m. Asl\u0131nda bu tabirin herkes taraf\u0131ndan kullan\u0131lmak istenen fakat s\u00f6ylediklerini da\u011f\u0131n\u0131k bi\u00e7imde anlatanlar\u0131n bir ifadesi oldu\u011funu d\u00fc\u015f\u00fcn\u00fcyorum.<\/p>\n<p>Herkes Ba\u015fak\u015fehir&#8217;in kolland\u0131\u011f\u0131n\u0131 bir siyasi iradenin \u00fcr\u00fcn\u00fc oldu\u011funu ve bu y\u00fczden ba\u015far\u0131l\u0131 oldu\u011funu s\u00f6yl\u00fcyor ve bu konuda ortak nefret besliyor ama bana tuhaf gelen t\u00fcm bunlar\u0131n do\u011fru olup olmad\u0131\u011f\u0131 de\u011fil bu s\u00f6ylemin alt\u0131ndaki ba\u015fka bir ger\u00e7ek.<\/p>\n<p>Ge\u00e7en yaz\u0131da da yazd\u0131\u011f\u0131m gibi herkesin ma\u011fdur ama herkesin en g\u00fc\u00e7l\u00fc oldu\u011fu bir yerde ya\u015f\u0131yoruz.<\/p>\n<p>Y\u00fcz seneden fazla bir s\u00fcredir varl\u0131\u011f\u0131n\u0131 s\u00fcrd\u00fcren kul\u00fcplerin taraftarlar\u0131 (bende bir Galatasaray taraftar\u0131y\u0131m) s\u00fcrekli olarak bir Ba\u015fak\u015fehir nefreti yaratmaya \u00e7al\u0131\u015f\u0131yor ve kendi ba\u015far\u0131s\u0131zl\u0131klar\u0131n\u0131 bunun ard\u0131na gizlemeye \u00e7al\u0131\u015f\u0131yor.<\/p>\n<p>Bug\u00fcn \u00fc\u00e7 b\u00fcy\u00fckler diye tabir edilen kul\u00fcplerin hepsi hem ekonomik hem trib\u00fcn anlam\u0131nda hem de futbol olarak \u00e7ok k\u00f6t\u00fc zamanlar ge\u00e7iriyor.<\/p>\n<p>Bence neyse ki Ba\u015fak\u015fehir var da bu durum bu sene biraz g\u00f6z\u00fckmeye ba\u015flad\u0131 yoksa her sene aralar\u0131nda &#8220;<strong>en az ba\u015far\u0131s\u0131z<\/strong>&#8221; olan\u0131 \u015fampiyon olunca t\u00fcm bunlar has\u0131r alt\u0131 ediliyordu.<\/p>\n<h3>Ba\u015fak\u015fehirin Trib\u00fcn\u00fc Yokmu\u015f!<\/h3>\n<p><img loading=\"lazy\" decoding=\"async\" class=\"alignnone  wp-image-532\" src=\"https:\/\/adameksik.com\/blog\/wp-content\/uploads\/2019\/02\/basaksehir-taraftari.jpg\" alt=\"basaksehir-taraftari\" width=\"575\" height=\"358\" srcset=\"https:\/\/adameksik.com\/blog\/wp-content\/uploads\/2019\/02\/basaksehir-taraftari.jpg 700w, https:\/\/adameksik.com\/blog\/wp-content\/uploads\/2019\/02\/basaksehir-taraftari-600x374.jpg 600w, https:\/\/adameksik.com\/blog\/wp-content\/uploads\/2019\/02\/basaksehir-taraftari-300x187.jpg 300w\" sizes=\"auto, (max-width: 575px) 100vw, 575px\" \/><\/p>\n<p>Peki sizin trib\u00fcnleriniz de bar\u0131\u015f ve huzur mu var? Gs-Fb derbisinde hayat\u0131n\u0131 kaybeden bir yurtta\u015f\u0131m\u0131z varken bile ma\u00e7\u0131 devam ettiren siz de\u011fil misiniz?\u00a0 Y\u0131llar \u00f6nce Be\u015fikta\u015f trib\u00fcn\u00fcnde kendi taraftar\u0131n\u0131 b\u0131\u00e7aklayan Ba\u015fak\u015fehir taraftar\u0131 m\u0131?<\/p>\n<p>Fenerbah\u00e7e&#8217;nin otob\u00fcs\u00fcn\u00fc kur\u015funlayan d\u0131\u015f g\u00fc\u00e7ler mi? Bir Ahmet \u00c7akar tabiriyle diyorum ki &#8220;<strong>ya b\u0131rak\u0131n bu i\u015fleri<\/strong>&#8221; (:<\/p>\n<p>Ba\u015fak\u015fehir&#8217;in kollanmad\u0131\u011f\u0131n\u0131 yada ekonomik olarak destek almad\u0131\u011f\u0131n\u0131 iddia etmiyorum ama beni ilgilendiren bu de\u011fil.<\/p>\n<p>Zaten \u00e7ok uzun y\u0131llard\u0131r ekonomik olarak kul\u00fcpleri yanl\u0131\u015f y\u00f6neten ve kul\u00fcpleri bor\u00e7 bata\u011f\u0131na s\u00fcr\u00fckleyen kul\u00fcp y\u00f6netimleri, trib\u00fcnlerde bir sava\u015f\u0131 izlermi\u015f gibi rakip tak\u0131m taraftar\u0131na tahamm\u00fcl\u00fc olmayan taraftarlar ve su\u00e7u hi\u00e7 oynatt\u0131\u011f\u0131 futbolda aramay\u0131p hakeme atan teknik adamlar, b\u00fct\u00fcn bu yaz\u0131da beni ilgilendiren taraf\u0131n bu oldu\u011funu s\u00f6ylemek istiyorum.<\/p>\n<p>\u00c7\u00fcnk\u00fc t\u00fcm bu yanl\u0131\u015flar de\u011fi\u015fmedik\u00e7e yapt\u0131klar\u0131 yanl\u0131\u015flar\u0131 &#8220;bak\u0131n i\u015fte orada yanl\u0131\u015f olan bir \u015feyler var&#8221; demeye devam ederek su\u00e7u hep ba\u015fkas\u0131na atma hastal\u0131\u011f\u0131 devam edecek.<\/p>\n<p><em>Futbolda siyaset kavram\u0131n\u0131<\/em> a\u00e7\u0131klayacak halim yok, g\u00f6rd\u00fc\u011f\u00fcn\u00fcz gibi s\u0131radan bir yurtta\u015f ve taraftar olarak konu\u015furken g\u00f6zden ka\u00e7an belli \u015feyleri yaz\u0131yorum sadece, ayr\u0131ca bu meseleden biz siyasetten anlamay\u0131z diyerek ka\u00e7acak de\u011filiz.<\/p>\n<p>Sadece bu bizim i\u015fimiz de\u011fil bu konuda s\u00f6z s\u00f6yleyecek ayn\u0131 zamanda <strong>siyasi bilgisi olan<\/strong> de\u011ferli insanlar vard\u0131r elbet ama ba\u015fka bir platformda g\u00f6rebilirsiniz, biz bu sitede profesyonel yorumcu olarak de\u011fil bir futbol sever ve taraftar olarak yaz\u0131yoruz.<\/p>\n<p>Son olarak \u00fcmit ederim ki taraftarlar art\u0131k di\u011fer tak\u0131m taraftarlar\u0131n\u0131 d\u00fc\u015fman olarak g\u00f6rmekten vazge\u00e7er, y\u00f6neticiler kul\u00fcpleri \u00e7iftlik gibi de\u011fil bir profesyonel ama ayn\u0131 zamanda milyonlarca ki\u015finin aidiyet duygusunu hissetti\u011fi gibi amat\u00f6r bir ruhla y\u00f6netir.<\/p>\n<p>Teknik adamlar, kendilerini Guardiola, Jurgen Klopp gibi vizyonel hocalar\u0131 \u00f6rnek alarak, kendilerini geli\u015ftiren futbolu daha zevkli bir hale getiren taktisyenlere d\u00f6n\u00fc\u015f\u00fcr ve biz de o zaman ne <em>futbolda siyaseti konu\u015fuyor<\/em> oluruz ne de futbola siyaset bula\u015f\u0131r bula\u015fsa da bir sonuca varamaz.<\/p>\n<p>Yani \u00f6nce kendimizi de\u011fi\u015ftirelim ki kimsenin bizi yontmaya cesareti olmas\u0131n. Bir sonraki yaz\u0131da g\u00f6r\u00fc\u015fmek dile\u011fiyle de\u011ferli <strong>Adam Eksik<\/strong> ailesi.<\/p>\n<p><img loading=\"lazy\" decoding=\"async\" class=\"alignnone size-full wp-image-317\" src=\"https:\/\/adameksik.com\/blog\/wp-content\/uploads\/2018\/06\/logo.png\" alt=\"logo\" width=\"242\" height=\"44\" \/><\/p>\n","protected":false},"excerpt":{"rendered":"<p>Futbolda siyaset var m\u0131 yok mu diye herkes zaten yeterince konu\u015fuyordur, ben burada sadece g\u00f6zden ka\u00e7anlar\u0131 yazmak istedim ve t\u00fcm<\/p>\n","protected":false},"author":3,"featured_media":528,"comment_status":"open","ping_status":"open","sticky":false,"template":"","format":"standard","meta":{"footnotes":""},"categories":[15,1],"tags":[107,105,106,108],"class_list":["post-527","post","type-post","status-publish","format-standard","has-post-thumbnail","hentry","category-futbol","category-genel","tag-futbol-siyaset-iliskisi","tag-futbol-ve-siyaset","tag-futbola-siyaset-karistirmak","tag-siyasetin-futbola-etkisi"],"_links":{"self":[{"href":"https:\/\/adameksik.com\/blog\/wp-json\/wp\/v2\/posts\/527","targetHints":{"allow":["GET"]}}],"collection":[{"href":"https:\/\/adameksik.com\/blog\/wp-json\/wp\/v2\/posts"}],"about":[{"href":"https:\/\/adameksik.com\/blog\/wp-json\/wp\/v2\/types\/post"}],"author":[{"embeddable":true,"href":"https:\/\/adameksik.com\/blog\/wp-json\/wp\/v2\/users\/3"}],"replies":[{"embeddable":true,"href":"https:\/\/adameksik.com\/blog\/wp-json\/wp\/v2\/comments?post=527"}],"version-history":[{"count":3,"href":"https:\/\/adameksik.com\/blog\/wp-json\/wp\/v2\/posts\/527\/revisions"}],"predecessor-version":[{"id":533,"href":"https:\/\/adameksik.com\/blog\/wp-json\/wp\/v2\/posts\/527\/revisions\/533"}],"wp:featuredmedia":[{"embeddable":true,"href":"https:\/\/adameksik.com\/blog\/wp-json\/wp\/v2\/media\/528"}],"wp:attachment":[{"href":"https:\/\/adameksik.com\/blog\/wp-json\/wp\/v2\/media?parent=527"}],"wp:term":[{"taxonomy":"category","embeddable":true,"href":"https:\/\/adameksik.com\/blog\/wp-json\/wp\/v2\/categories?post=527"},{"taxonomy":"post_tag","embeddable":true,"href":"https:\/\/adameksik.com\/blog\/wp-json\/wp\/v2\/tags?post=527"}],"curies":[{"name":"wp","href":"https:\/\/api.w.org\/{rel}","templated":true}]}}