{"id":407,"date":"2018-08-21T11:22:06","date_gmt":"2018-08-21T08:22:06","guid":{"rendered":"http:\/\/adameksik.com\/blog\/?p=407"},"modified":"2018-08-21T11:22:37","modified_gmt":"2018-08-21T08:22:37","slug":"hali-saha-uygulamalari-neden-tutmuyor","status":"publish","type":"post","link":"https:\/\/adameksik.com\/blog\/hali-saha-uygulamalari-neden-tutmuyor\/","title":{"rendered":"Hal\u0131 Saha Uygulamalar\u0131 Neden Tutmuyor ?"},"content":{"rendered":"<p>Adam Eksik Blog&#8217; dan herkese merhabalar. Bug\u00fcn <strong>hal\u0131 saha ile ilgili<\/strong> yap\u0131lan uygulamalar\u0131n neden tutmad\u0131\u011f\u0131 ile ilgili konu\u015fal\u0131m.<\/p>\n<p>Biliyorsunuz bu bizim aram\u0131zda olan bir konu. Yani biz hal\u0131 saha ma\u00e7\u0131 oynamaktan \u00e7ok zevk alan erkek grubunun aras\u0131nda olan bir mesele.<\/p>\n<p>Neredeyse t\u00fcm erkekler <em>Futbol oynamaktan<\/em> ho\u015flan\u0131r\u0131z. Ve devaml\u0131 futbol \u00f6zg\u00fcrl\u00fc\u011f\u00fcm\u00fcz\u00fcn oldu\u011fu yani can\u0131m\u0131z istedi\u011finde futbol oynayabilece\u011fimiz yer ise hal\u0131 sahalard\u0131r.<\/p>\n<p>Tabi ki hal\u0131 saha ma\u00e7\u0131 yapmak i\u00e7in gerekli malzemeleri \u00f6nceki makalemizde s\u00f6ylemi\u015ftik \ud83d\ude42 Bunlar 2 tak\u0131m, top ve hal\u0131 saha k\u0131yafetleriydi.<\/p>\n<p>Bu bile\u015fenler bir araya geldi\u011finde ma\u00e7 ka\u00e7\u0131n\u0131lmazd\u0131r. Ancak tabi ki en \u00f6nemli olan bile\u015feni bazen bulmakta zorluk \u00e7ekebiliyoruz. Yani hal\u0131 saha oyuncusunu.<\/p>\n<p>Zaten bu sitenin a\u00e7\u0131lma amac\u0131 da <strong>hal\u0131 sahaya eksik oyuncuyu<\/strong> tamamlamak. \u0130\u015fte t\u0131pk\u0131 bu site gibi daha \u00f6nce de bir ka\u00e7 <em>uygulama ve site projesi<\/em> hayata ge\u00e7ti.<\/p>\n<p>Ancak nedense bizler destek vermedi\u011fimiz i\u00e7in \u00e7ok ilerleyemeden bu projeler ya kapand\u0131 yada kapanmaya terk edildi.<\/p>\n<p>Ama biz hal\u0131 saha oyuncular\u0131na olan g\u00fcvenimizi kaybetmedik ve <span style=\"color: #ff0000;\">Adam Eksik<\/span> projesini a\u00e7t\u0131k. Arkada\u015flar <span style=\"color: #ff0000;\">adameksik.com<\/span> \u00f6nemli sorunumuzu \u00e7\u00f6zecektir.<\/p>\n<p>Ancak yeterli deste\u011fi hep birlikte g\u00f6sterirsek. Destek olmakta olduk\u00e7a basit. Sizlerden herhangi bir \u00fccret de talep edilmiyor.<\/p>\n<p>Yaln\u0131zca siteye kay\u0131t olun ve en az\u0131ndan sizin gibi hal\u0131 saha ma\u00e7\u0131 yapan bir arkada\u015f\u0131n\u0131z\u0131n daha kay\u0131t olmas\u0131n\u0131 sa\u011flay\u0131n.<\/p>\n<p>E\u011fer bunu ba\u015farabilirsek, bu alanda ba\u015far\u0131l\u0131 olmu\u015f ilk proje olabiliriz.<\/p>\n<p>Ve eminim bir ka\u00e7 bin \u00fcyeye ula\u015ft\u0131\u011f\u0131m\u0131zda sitemiz zaten kendi kendine i\u015fliyor hale gelecek ve yine kendi kendine b\u00fcy\u00fcmeye devam edecektir.<\/p>\n<p>Sitemiz biraz geli\u015ftikten sonra umuyoruz <span style=\"color: #ff0000;\">Adam Eksik<\/span> mobil uygulamas\u0131 da yay\u0131na ge\u00e7ecektir. B\u00f6ylece do\u011frudan telefonunuzdaki uygulamadan da oyuncu bulabileceksiniz.<\/p>\n<p>Siz de\u011ferli hal\u0131 saha oyunculardan istedi\u011fimiz daha fazla vakit kaybetmeden bu olu\u015fumun bir par\u00e7as\u0131 olman\u0131zd\u0131r.<\/p>\n<p>Hemen <span style=\"color: #ff0000;\">adameksik.com<\/span> sitesine gir ve kay\u0131t ol! Ve unutma; <span style=\"color: #ff0000;\">Adam Eksik<\/span>, ma\u00e7a adam eksik olmas\u0131n diye var!<\/p>\n","protected":false},"excerpt":{"rendered":"<p>Adam Eksik Blog&#8217; dan herkese merhabalar. Bug\u00fcn hal\u0131 saha ile ilgili yap\u0131lan uygulamalar\u0131n neden tutmad\u0131\u011f\u0131 ile ilgili konu\u015fal\u0131m. Biliyorsunuz bu<\/p>\n","protected":false},"author":1,"featured_media":409,"comment_status":"open","ping_status":"open","sticky":false,"template":"","format":"standard","meta":{"footnotes":""},"categories":[11],"tags":[25,55,56,32,27],"class_list":["post-407","post","type-post","status-publish","format-standard","has-post-thumbnail","hentry","category-halisaha","tag-adam-eksik","tag-hali-saha","tag-hali-saha-uygulamasi","tag-maca-adam-lazim","tag-maca-oyuncu-bul"],"_links":{"self":[{"href":"https:\/\/adameksik.com\/blog\/wp-json\/wp\/v2\/posts\/407","targetHints":{"allow":["GET"]}}],"collection":[{"href":"https:\/\/adameksik.com\/blog\/wp-json\/wp\/v2\/posts"}],"about":[{"href":"https:\/\/adameksik.com\/blog\/wp-json\/wp\/v2\/types\/post"}],"author":[{"embeddable":true,"href":"https:\/\/adameksik.com\/blog\/wp-json\/wp\/v2\/users\/1"}],"replies":[{"embeddable":true,"href":"https:\/\/adameksik.com\/blog\/wp-json\/wp\/v2\/comments?post=407"}],"version-history":[{"count":1,"href":"https:\/\/adameksik.com\/blog\/wp-json\/wp\/v2\/posts\/407\/revisions"}],"predecessor-version":[{"id":408,"href":"https:\/\/adameksik.com\/blog\/wp-json\/wp\/v2\/posts\/407\/revisions\/408"}],"wp:featuredmedia":[{"embeddable":true,"href":"https:\/\/adameksik.com\/blog\/wp-json\/wp\/v2\/media\/409"}],"wp:attachment":[{"href":"https:\/\/adameksik.com\/blog\/wp-json\/wp\/v2\/media?parent=407"}],"wp:term":[{"taxonomy":"category","embeddable":true,"href":"https:\/\/adameksik.com\/blog\/wp-json\/wp\/v2\/categories?post=407"},{"taxonomy":"post_tag","embeddable":true,"href":"https:\/\/adameksik.com\/blog\/wp-json\/wp\/v2\/tags?post=407"}],"curies":[{"name":"wp","href":"https:\/\/api.w.org\/{rel}","templated":true}]}}