{"id":1068,"date":"2023-02-25T13:01:18","date_gmt":"2023-02-25T10:01:18","guid":{"rendered":"https:\/\/adameksik.com\/blog\/?p=1068"},"modified":"2023-02-25T13:01:18","modified_gmt":"2023-02-25T10:01:18","slug":"sahada-unutulan-kaleci-olayi","status":"publish","type":"post","link":"https:\/\/adameksik.com\/blog\/sahada-unutulan-kaleci-olayi\/","title":{"rendered":"Sahada Unutulan Kaleci Olay\u0131!"},"content":{"rendered":"<p>Adam Eksik Blog&#8217;dan herkese merhabalar. Her ortamda, konuda baz\u0131 gariplikler olabilir. Futbol d\u00fcnyas\u0131nda da olduk\u00e7a garip durumlar ya\u015fanabiliyor. Bir liste yap\u0131lsa en tuhaf futbol olaylar\u0131nda \u00fcstlerde yer alacak t\u00fcrden bir hikaye ile kar\u015f\u0131n\u0131zday\u0131z: <strong>kalede unutulan kaleci<\/strong>!<\/p>\n<p><img loading=\"lazy\" decoding=\"async\" class=\"alignnone size-full wp-image-1070\" src=\"https:\/\/adameksik.com\/blog\/wp-content\/uploads\/2023\/02\/sam-bartram-hikayesi.jpg\" alt=\"sam-bartram-hikayesi\" width=\"640\" height=\"359\" srcset=\"https:\/\/adameksik.com\/blog\/wp-content\/uploads\/2023\/02\/sam-bartram-hikayesi.jpg 640w, https:\/\/adameksik.com\/blog\/wp-content\/uploads\/2023\/02\/sam-bartram-hikayesi-300x168.jpg 300w\" sizes=\"auto, (max-width: 640px) 100vw, 640px\" \/><\/p>\n<p>Duydu\u011funuzda bile tuhaf geliyor de\u011fil mi ? Y\u0131l 1937, \u0130ngiltere Federasyon Kupas\u0131&#8217;nda <strong><em>Chelsea ve Charlton Athletic ma\u00e7\u0131<\/em><\/strong> oynan\u0131yordu. Ancak hava ma\u00e7 ba\u015f\u0131ndan beri \u00e7ok iyi de\u011fildi ve ma\u00e7\u0131n 60. dakikas\u0131 civar\u0131nda havada inan\u0131lmaz bir sis oluyor. Futbolcular b\u0131rak\u0131n topu, birbirlerini bile zor g\u00f6r\u00fcr hale geliyor.<\/p>\n<p>Tabi ki al\u0131nan karar ile ma\u00e7 erteleniyor. Buraya kadar her \u015fey olduk\u00e7a normal. Ancak olay\u0131n ilgin\u00e7 k\u0131sm\u0131 oyuncular soyunma odas\u0131na gittiklerinde <strong>Charlton kalecisi Sam Bartram<\/strong>&#8216; \u0131n olmad\u0131\u011f\u0131n\u0131 fark ettiklerinde ba\u015fl\u0131yor.<\/p>\n<p>Bu s\u0131rada Sam Bartram&#8217;\u0131n halen kaleyi korudu\u011fu anla\u015f\u0131l\u0131yor. Bu olay\u0131n ard\u0131ndan Bartram ile bu olay hakk\u0131nda bir r\u00f6portaj yap\u0131l\u0131yor ve kendisi \u015fu \u015fekilde olay\u0131 a\u00e7\u0131kl\u0131yor: &#8220;<em>Havada \u00e7ok yo\u011fun sis vard\u0131. Bir s\u00fcre hi\u00e7 top gelmedi, ben de \u00e7ok iyi oynad\u0131\u011f\u0131m\u0131z\u0131 ve \u00fcst\u00fcnl\u00fck kurdu\u011fumuzu zannettim. Ancak bir s\u00fcre sonra bir polis gelerek durumu anlatt\u0131.<\/em>&#8221;<\/p>\n<p>\u0130\u015fte bu garip olay inan\u0131lmas\u0131 zor olsa da bu \u015fekilde ger\u00e7ekle\u015fti ve tamamen ger\u00e7ek. <em>Futbol tarihinin en tuhaf durumlar\u0131ndan<\/em> biri olan bu olay halen pek \u00e7ok futbol sayfas\u0131 taraf\u0131ndan payla\u015f\u0131lmaktad\u0131r.<\/p>\n<p><img loading=\"lazy\" decoding=\"async\" class=\"alignnone size-full wp-image-317\" src=\"https:\/\/adameksik.com\/blog\/wp-content\/uploads\/2018\/06\/logo.png\" alt=\"logo\" width=\"242\" height=\"44\" \/><\/p>\n","protected":false},"excerpt":{"rendered":"<p>Adam Eksik Blog&#8217;dan herkese merhabalar. Her ortamda, konuda baz\u0131 gariplikler olabilir. Futbol d\u00fcnyas\u0131nda da olduk\u00e7a garip durumlar ya\u015fanabiliyor. Bir liste<\/p>\n","protected":false},"author":1,"featured_media":1069,"comment_status":"open","ping_status":"open","sticky":false,"template":"","format":"standard","meta":{"footnotes":""},"categories":[15,1],"tags":[415,413,412,414],"class_list":["post-1068","post","type-post","status-publish","format-standard","has-post-thumbnail","hentry","category-futbol","category-genel","tag-ilginc-futbol-olaylari","tag-kalede-unutulan-kaleci","tag-sam-bartram","tag-sis-nedeniyle-unutulan-kaleci"],"_links":{"self":[{"href":"https:\/\/adameksik.com\/blog\/wp-json\/wp\/v2\/posts\/1068","targetHints":{"allow":["GET"]}}],"collection":[{"href":"https:\/\/adameksik.com\/blog\/wp-json\/wp\/v2\/posts"}],"about":[{"href":"https:\/\/adameksik.com\/blog\/wp-json\/wp\/v2\/types\/post"}],"author":[{"embeddable":true,"href":"https:\/\/adameksik.com\/blog\/wp-json\/wp\/v2\/users\/1"}],"replies":[{"embeddable":true,"href":"https:\/\/adameksik.com\/blog\/wp-json\/wp\/v2\/comments?post=1068"}],"version-history":[{"count":2,"href":"https:\/\/adameksik.com\/blog\/wp-json\/wp\/v2\/posts\/1068\/revisions"}],"predecessor-version":[{"id":1072,"href":"https:\/\/adameksik.com\/blog\/wp-json\/wp\/v2\/posts\/1068\/revisions\/1072"}],"wp:featuredmedia":[{"embeddable":true,"href":"https:\/\/adameksik.com\/blog\/wp-json\/wp\/v2\/media\/1069"}],"wp:attachment":[{"href":"https:\/\/adameksik.com\/blog\/wp-json\/wp\/v2\/media?parent=1068"}],"wp:term":[{"taxonomy":"category","embeddable":true,"href":"https:\/\/adameksik.com\/blog\/wp-json\/wp\/v2\/categories?post=1068"},{"taxonomy":"post_tag","embeddable":true,"href":"https:\/\/adameksik.com\/blog\/wp-json\/wp\/v2\/tags?post=1068"}],"curies":[{"name":"wp","href":"https:\/\/api.w.org\/{rel}","templated":true}]}}