{"id":1010,"date":"2022-10-15T11:13:42","date_gmt":"2022-10-15T08:13:42","guid":{"rendered":"https:\/\/adameksik.com\/blog\/?p=1010"},"modified":"2022-10-15T11:13:42","modified_gmt":"2022-10-15T08:13:42","slug":"ertem-sener-en-komik-mac-replikleri-ve-sozleri","status":"publish","type":"post","link":"https:\/\/adameksik.com\/blog\/ertem-sener-en-komik-mac-replikleri-ve-sozleri\/","title":{"rendered":"Ertem \u015eener En Komik Ma\u00e7 Replikleri ve S\u00f6zleri"},"content":{"rendered":"<p><strong>Adam Eksik Blog<\/strong>&#8216;dan t\u00fcm hal\u0131 saha severlere merhabalar. K\u0131sa bir aradan sonra yeniden keyifli bir yaz\u0131 ile beraberiz. Bug\u00fcn yine futbolla alakal\u0131 yaln\u0131z biraz daha y\u00fcz\u00fcm\u00fcz\u00fc g\u00fcld\u00fcrecek, e\u011flenceli bir yaz\u0131 haz\u0131rlad\u0131k.<\/p>\n<p>Bildi\u011finiz gibi ma\u00e7 spikeri denilince ilk akla gelenlerden biri <strong>Ertem \u015eener<\/strong>. Ma\u00e7 anlat\u0131m\u0131 kimilerinin \u00e7ok ho\u015funa gitse de, yine bir kitle de ma\u00e7 anlat\u0131m\u0131ndan pek ho\u015flanm\u0131yor.<\/p>\n<p>Hatta Ertem \u015eener in \u00f6zellikle son d\u00f6nemde anlatt\u0131\u011f\u0131 T\u00fcrk tak\u0131mlar\u0131 Avrupa ma\u00e7lar\u0131n\u0131n neredeyse tamam\u0131n\u0131, T\u00fcrk tak\u0131mlar\u0131n\u0131n kaybetti\u011fini biliyoruz.<\/p>\n<p>Sonu\u00e7 olarak <em>ma\u00e7 anlat\u0131m\u0131<\/em> tart\u0131\u015f\u0131l\u0131r bir konu olsa da ma\u00e7 i\u00e7erisinde s\u00f6yledi\u011fi <em>enteresan s\u00f6zlerin<\/em> pek \u00e7o\u011fu etki b\u0131rakm\u0131\u015f durumda. \u015eimdi gelin <em><strong>Ertem \u015eener&#8217;in ma\u00e7 i\u00e7inde s\u00f6yledi\u011fi komik s\u00f6zlere<\/strong><\/em> \u015f\u00f6yle bir bakal\u0131m.<\/p>\n<h2>Dikkat \u00c7eken Ertem \u015eener Ma\u00e7 Replikleri<\/h2>\n<p><img loading=\"lazy\" decoding=\"async\" class=\"alignnone wp-image-1011 size-full\" src=\"https:\/\/adameksik.com\/blog\/wp-content\/uploads\/2022\/10\/komik-ertem-sener-sozleri.jpg\" alt=\"komik-ertem-sener-sozleri\" width=\"700\" height=\"393\" srcset=\"https:\/\/adameksik.com\/blog\/wp-content\/uploads\/2022\/10\/komik-ertem-sener-sozleri.jpg 700w, https:\/\/adameksik.com\/blog\/wp-content\/uploads\/2022\/10\/komik-ertem-sener-sozleri-300x168.jpg 300w\" sizes=\"auto, (max-width: 700px) 100vw, 700px\" \/><\/p>\n<ul>\n<li>R\u00fc\u015ft\u00fc, \u00f6p\u00fcyorum seni R\u00fc\u015ft\u00fc, ellerinden \u00f6p\u00fcyorum, hatta her yerinden \u00f6p\u00fcyorum R\u00fc\u015ft\u00fc.<\/li>\n<li>Belletti asl\u0131nda bu gol\u00fc ataca\u011f\u0131n\u0131 \u00f6nceden belli etti.<\/li>\n<li>Onun ad\u0131 Ronaldinho , \u00e7\u00f6ldeki bir vaha gibi adeta.<\/li>\n<li>Fenerbah\u00e7e oyunu itmeye \u00e7al\u0131\u015f\u0131yor, ataklar fokurdamaya ba\u015flad\u0131.<\/li>\n<li>Adamlar \u00e7oluk \u00e7ocukla d\u00fcnya devlerine kafa tutuyor.<\/li>\n<li>Sezar&#8217;\u0131n hakk\u0131 Sezar&#8217;a. (Julio Cesar i\u00e7in.)<\/li>\n<li>Messi, bu adam neyin nesi?<\/li>\n<li>Bu \u015fut 500 kalori g\u00f6t\u00fcrd\u00fc bizden.<\/li>\n<li>M.United&#8217;l\u0131 Evra&#8217;n\u0131n 23 karde\u015fi var.<\/li>\n<li>Ceza sahas\u0131 Bursa pazar\u0131 gibi.<\/li>\n<li>Kanatlar\u0131 olmadan u\u00e7an tek canl\u0131 o diyebilir miyiz ? (Cristiano Ronaldo i\u00e7in)<\/li>\n<li>Y\u00fcre\u011fimiz a\u011fz\u0131m\u0131za gele gele, a\u011fz\u0131m\u0131zda yer kalmad\u0131 say\u0131n seyirciler!<\/li>\n<li>Sak\u0131z m\u0131 O&#8217;nu \u00e7i\u011fniyor, O mu sak\u0131z\u0131 belli de\u011fil. (Alex Ferguson i\u00e7in)<\/li>\n<li>Adriano&#8217;nun o topa yeti\u015fmesi i\u00e7in bir \u00e7ift ci\u011fere daha ihtiyac\u0131 var.<\/li>\n<li>Hormon falan kalmad\u0131 art\u0131k Messi&#8217;de. Organik Messi art\u0131k o.<\/li>\n<li>Abdul Kader Keita! \u0130\u015fte kader, i\u015fte k\u0131smet.<\/li>\n<li>Essien, Allah ne verdiyse vurdu.<\/li>\n<li>\u0130ngiltere yasta, gol Iniesta.<\/li>\n<li>S\u00f6z u\u00e7ar yaz\u0131 kal\u0131r, Benzema vurdu mu izi kal\u0131r.<\/li>\n<li>Y\u00fcr\u00fcyen gol, gol istiyor. (Benzema i\u00e7in)<\/li>\n<li>\u00c7ocuk adam (Vinicius Junior i\u00e7in )<\/li>\n<li>Carlo Ancelotti&#8217;nin sak\u0131z \u00e7i\u011fneme temposu artt\u0131.<\/li>\n<li>Karim Benzema, Benzema ailesinin 9 \u00e7ocu\u011fundan alt\u0131nc\u0131s\u0131. 8 erkek, 1 k\u0131z.<\/li>\n<li>Pep Guardiola &#8216;\u00dcz\u00fclme&#8217; diyor, &#8216;Bo\u015f ver Premier Lig&#8217;i al\u0131r\u0131z&#8217; diyor Zinchenko&#8217;ya.<\/li>\n<li>Bernardo Silva&#8230; Ona k\u00fc\u00e7\u00fck Messi diyorlar.<\/li>\n<li>Alex&#8217;in ara pas\u0131ndan sonra; Alex ara s\u0131caklara ba\u015flad\u0131.<\/li>\n<li>Mehmet Topuz kenarda o kadar \u0131s\u0131nd\u0131 ki birazdan buharla\u015fabilir.<\/li>\n<\/ul>\n<p>Evet bizim hat\u0131rlad\u0131klar\u0131m\u0131z ve be\u011fendiklerimizden baz\u0131lar\u0131 bunlard\u0131. Tabi ki \u00e7ok daha fazla enteresan <strong><em>Ertem \u015eener replikleri<\/em><\/strong> var. Umar\u0131z okurken y\u00fcz\u00fcn\u00fczde bir tebess\u00fcm olu\u015fmu\u015ftur. Keyifli ma\u00e7lar dileriz.<\/p>\n<p><img loading=\"lazy\" decoding=\"async\" class=\"alignnone size-full wp-image-317\" src=\"https:\/\/adameksik.com\/blog\/wp-content\/uploads\/2018\/06\/logo.png\" alt=\"logo\" width=\"242\" height=\"44\" \/><\/p>\n","protected":false},"excerpt":{"rendered":"<p>Adam Eksik Blog&#8216;dan t\u00fcm hal\u0131 saha severlere merhabalar. K\u0131sa bir aradan sonra yeniden keyifli bir yaz\u0131 ile beraberiz. Bug\u00fcn yine<\/p>\n","protected":false},"author":1,"featured_media":1012,"comment_status":"open","ping_status":"open","sticky":false,"template":"","format":"standard","meta":{"footnotes":""},"categories":[15,1],"tags":[390,389,385,386,388,387],"class_list":["post-1010","post","type-post","status-publish","format-standard","has-post-thumbnail","hentry","category-futbol","category-genel","tag-ertem-sener-gereksiz-bilgiler","tag-ertem-sener-klasikleri","tag-ertem-sener-komik","tag-ertem-sener-replikleri","tag-ertem-sener-sozleri","tag-ertem-senerden-inciler"],"_links":{"self":[{"href":"https:\/\/adameksik.com\/blog\/wp-json\/wp\/v2\/posts\/1010","targetHints":{"allow":["GET"]}}],"collection":[{"href":"https:\/\/adameksik.com\/blog\/wp-json\/wp\/v2\/posts"}],"about":[{"href":"https:\/\/adameksik.com\/blog\/wp-json\/wp\/v2\/types\/post"}],"author":[{"embeddable":true,"href":"https:\/\/adameksik.com\/blog\/wp-json\/wp\/v2\/users\/1"}],"replies":[{"embeddable":true,"href":"https:\/\/adameksik.com\/blog\/wp-json\/wp\/v2\/comments?post=1010"}],"version-history":[{"count":1,"href":"https:\/\/adameksik.com\/blog\/wp-json\/wp\/v2\/posts\/1010\/revisions"}],"predecessor-version":[{"id":1013,"href":"https:\/\/adameksik.com\/blog\/wp-json\/wp\/v2\/posts\/1010\/revisions\/1013"}],"wp:featuredmedia":[{"embeddable":true,"href":"https:\/\/adameksik.com\/blog\/wp-json\/wp\/v2\/media\/1012"}],"wp:attachment":[{"href":"https:\/\/adameksik.com\/blog\/wp-json\/wp\/v2\/media?parent=1010"}],"wp:term":[{"taxonomy":"category","embeddable":true,"href":"https:\/\/adameksik.com\/blog\/wp-json\/wp\/v2\/categories?post=1010"},{"taxonomy":"post_tag","embeddable":true,"href":"https:\/\/adameksik.com\/blog\/wp-json\/wp\/v2\/tags?post=1010"}],"curies":[{"name":"wp","href":"https:\/\/api.w.org\/{rel}","templated":true}]}}